{"id":109097,"date":"2022-08-29T16:51:30","date_gmt":"2022-08-29T16:51:30","guid":{"rendered":"https:\/\/colimdo.org\/?p=109097"},"modified":"2022-08-29T16:51:30","modified_gmt":"2022-08-29T16:51:30","slug":"perez-suero-martinez-castillo-se-unen-equipo-dominicano-americup","status":"publish","type":"post","link":"https:\/\/colimdo.org\/noticias\/perez-suero-martinez-castillo-se-unen-equipo-dominicano-americup\/","title":{"rendered":"P\u00e9rez, Suero, Mart\u00ednez y Castillo se unen a equipo dominicano en AmeriCup"},"content":{"rendered":"<p><strong>SANTO DOMIMGO.-<\/strong> Los jugadores\u00a0Jassel P\u00e9rez, Juan Miguel Suero, Brayan Mart\u00ednez y Anyeuri Castillo formar\u00e1n parte de la selecci\u00f3n dominicana de baloncesto de mayores en su paso por la Copa America 2022 (AmeriCup), que tendr\u00e1 lugar en Brsail del 2 al 11 de septiembre.<\/p>\n<p>Los reci\u00e9n agregados sustituir\u00e1n a\u00a0Chris Duarte, Rigoberto Mendoza, Jhonatan Araujo, Luis Santos y Eloy Vargas, quienes compiten con el equipo nacional en la presente ventana que se juega en el pa\u00eds y en Venzuela.<\/p>\n<p>Estos jugadores no viajar\u00e1n a Brasil, seg\u00fan inform\u00f3 el medio Cancha Entera, a trav\u00e9s de las redes sociales.<\/p>\n<p>La Rep\u00fablica Dominicana jugar\u00e1 est\u00e1 compitiendo en el grupo B y lo acompa\u00f1an los seleccionados de Islas V\u00edrgenes, Puerto Rico y Argentina.<\/p>\n<p>Brasil, Urugay, Colombia y Canad\u00e1 integran el grupo A, mientras que M\u00e9xico, Panam\u00e1, Venezuela y Estados Unidos componen el grupo C.<\/p>\n<p>La selecci\u00f3n nacional qued\u00f3 en el s\u00e9ptimo puesto en la pasada edici\u00f3n de la AmeriCup que se jug\u00f3 en el 2017. Estados Unidos termin\u00f3 con los m\u00e1ximos honores; Argentina qued\u00f3 en segundo y M\u00e9xico qued\u00f3 tercero.<\/p>\n","protected":false},"excerpt":{"rendered":"<p>SANTO DOMIMGO.- Los jugadores\u00a0Jassel P\u00e9rez, Juan Miguel Suero, Brayan Mart\u00ednez y Anyeuri Castillo formar\u00e1n parte de la selecci\u00f3n dominicana de baloncesto de mayores en su paso por la Copa America 2022 (AmeriCup), que tendr\u00e1 lugar en Brsail del 2 al 11 de septiembre. Los reci\u00e9n agregados sustituir\u00e1n a\u00a0Chris Duarte, Rigoberto Mendoza, Jhonatan Araujo, Luis Santos [&hellip;]<\/p>\n","protected":false},"author":19,"featured_media":109101,"comment_status":"closed","ping_status":"closed","sticky":false,"template":"","format":"standard","meta":[],"categories":[3,2],"tags":[92212],"acf":[],"_links":{"self":[{"href":"https:\/\/colimdo.org\/wp-api\/wp\/v2\/posts\/109097"}],"collection":[{"href":"https:\/\/colimdo.org\/wp-api\/wp\/v2\/posts"}],"about":[{"href":"https:\/\/colimdo.org\/wp-api\/wp\/v2\/types\/post"}],"author":[{"embeddable":true,"href":"https:\/\/colimdo.org\/wp-api\/wp\/v2\/users\/19"}],"replies":[{"embeddable":true,"href":"https:\/\/colimdo.org\/wp-api\/wp\/v2\/comments?post=109097"}],"version-history":[{"count":1,"href":"https:\/\/colimdo.org\/wp-api\/wp\/v2\/posts\/109097\/revisions"}],"predecessor-version":[{"id":109102,"href":"https:\/\/colimdo.org\/wp-api\/wp\/v2\/posts\/109097\/revisions\/109102"}],"wp:featuredmedia":[{"embeddable":true,"href":"https:\/\/colimdo.org\/wp-api\/wp\/v2\/media\/109101"}],"wp:attachment":[{"href":"https:\/\/colimdo.org\/wp-api\/wp\/v2\/media?parent=109097"}],"wp:term":[{"taxonomy":"category","embeddable":true,"href":"https:\/\/colimdo.org\/wp-api\/wp\/v2\/categories?post=109097"},{"taxonomy":"post_tag","embeddable":true,"href":"https:\/\/colimdo.org\/wp-api\/wp\/v2\/tags?post=109097"}],"curies":[{"name":"wp","href":"https:\/\/api.w.org\/{rel}","templated":true}]}}