{"id":111788,"date":"2022-11-10T00:07:20","date_gmt":"2022-11-10T00:07:20","guid":{"rendered":"https:\/\/colimdo.org\/?p=111788"},"modified":"2022-11-10T00:07:20","modified_gmt":"2022-11-10T00:07:20","slug":"exbaloncestista-piculin-ortiz-se-declara-culpable","status":"publish","type":"post","link":"https:\/\/colimdo.org\/titulares\/exbaloncestista-piculin-ortiz-se-declara-culpable\/","title":{"rendered":"Exbaloncestista &#8220;Picul\u00edn&#8221; Ortiz se declara culpable"},"content":{"rendered":"<p><strong>San Juan. (EFE).<\/strong>&#8211; El exbaloncestista puertorrique\u00f1o Jos\u00e9 &#8220;Picul\u00edn&#8221; Ortiz se declar\u00f3 este mi\u00e9rcoles culpable por un incidente en el que apunt\u00f3 a un joven con un arma y le ocasion\u00f3 da\u00f1os a su veh\u00edculo en julio pasado.<\/p>\n<p>El veterano canastero deber\u00e1 restituir 2.000 d\u00f3lares al perjudicado, Jos\u00e9 Vargas Dominicci, adem\u00e1s de pagar una multa de 200 d\u00f3lares y otra pena especial de 300.<\/p>\n<p>Ortiz hizo alegaci\u00f3n de culpabilidad por violaci\u00f3n al art\u00edculo 198 del C\u00f3digo Penal, que tipifica el delito de da\u00f1os a un bien mueble o inmueble ajeno, seg\u00fan la Administraci\u00f3n de Tribunales.<\/p>\n<p>En el inicio del juicio en el Tribunal de Mayag\u00fcez, Ortiz tambi\u00e9n pidi\u00f3 perd\u00f3n a Vargas Dominicci.<\/p>\n<p>El altercado ocurrido el pasado 4 de julio frente a un negocio de propiedad del excanasterio de la selecci\u00f3n boricua situado en el \u00e1rea de La Parguera, en el sur de la isla.<\/p>\n<p>La pistola con la que el exjugador apunt\u00f3 al querellante result\u00f3 finalmente ser un arma neum\u00e1tica.<\/p>\n<p>Tras la denuncia, la jueza Margarita Gaudier determin\u00f3 causa para arresto contra &#8220;Picul\u00edn&#8221; Ortiz y fij\u00f3 una fianza de 5.000 d\u00f3lares, la cual fue prestada.<\/p>\n<p>Esta no es la primera ocasi\u00f3n en que Ortiz tiene problemas con la ley. En 2011 fue detenido por las autoridades en Puerto Rico por posesi\u00f3n de cerca de un centenar de plantas de marihuana y cumpli\u00f3 seis meses de c\u00e1rcel y nueve meses de arresto domiciliario.<\/p>\n","protected":false},"excerpt":{"rendered":"<p>San Juan. (EFE).&#8211; El exbaloncestista puertorrique\u00f1o Jos\u00e9 &#8220;Picul\u00edn&#8221; Ortiz se declar\u00f3 este mi\u00e9rcoles culpable por un incidente en el que apunt\u00f3 a un joven con un arma y le ocasion\u00f3 da\u00f1os a su veh\u00edculo en julio pasado. El veterano canastero deber\u00e1 restituir 2.000 d\u00f3lares al perjudicado, Jos\u00e9 Vargas Dominicci, adem\u00e1s de pagar una multa de [&hellip;]<\/p>\n","protected":false},"author":13,"featured_media":0,"comment_status":"closed","ping_status":"closed","sticky":false,"template":"","format":"standard","meta":[],"categories":[64,60],"tags":[24795],"acf":[],"_links":{"self":[{"href":"https:\/\/colimdo.org\/wp-api\/wp\/v2\/posts\/111788"}],"collection":[{"href":"https:\/\/colimdo.org\/wp-api\/wp\/v2\/posts"}],"about":[{"href":"https:\/\/colimdo.org\/wp-api\/wp\/v2\/types\/post"}],"author":[{"embeddable":true,"href":"https:\/\/colimdo.org\/wp-api\/wp\/v2\/users\/13"}],"replies":[{"embeddable":true,"href":"https:\/\/colimdo.org\/wp-api\/wp\/v2\/comments?post=111788"}],"version-history":[{"count":1,"href":"https:\/\/colimdo.org\/wp-api\/wp\/v2\/posts\/111788\/revisions"}],"predecessor-version":[{"id":111789,"href":"https:\/\/colimdo.org\/wp-api\/wp\/v2\/posts\/111788\/revisions\/111789"}],"wp:attachment":[{"href":"https:\/\/colimdo.org\/wp-api\/wp\/v2\/media?parent=111788"}],"wp:term":[{"taxonomy":"category","embeddable":true,"href":"https:\/\/colimdo.org\/wp-api\/wp\/v2\/categories?post=111788"},{"taxonomy":"post_tag","embeddable":true,"href":"https:\/\/colimdo.org\/wp-api\/wp\/v2\/tags?post=111788"}],"curies":[{"name":"wp","href":"https:\/\/api.w.org\/{rel}","templated":true}]}}