{"id":111790,"date":"2022-11-10T00:15:31","date_gmt":"2022-11-10T00:15:31","guid":{"rendered":"https:\/\/colimdo.org\/?p=111790"},"modified":"2022-11-10T00:19:44","modified_gmt":"2022-11-10T00:19:44","slug":"fedofutbol-inefi-concacaf-inician-proyecto-generation-amazing","status":"publish","type":"post","link":"https:\/\/colimdo.org\/noticias\/fedofutbol-inefi-concacaf-inician-proyecto-generation-amazing\/","title":{"rendered":"Fedof\u00fatbol, Inefi y Concacaf inician Proyecto Generation Amazing"},"content":{"rendered":"<p>SANTO DOMINGO.- La Federaci\u00f3n Dominicana de F\u00fatbol en rueda de prensa celebrada este mi\u00e9rcoles anunci\u00f3 el lanzamiento del Proyecto Generation Amazing, de la mano de la Confederaci\u00f3n de Norte, Centroam\u00e9rica y El Caribe de F\u00fatbol (Concacaf) y el Instituto Nacional de Educaci\u00f3n F\u00edsica (INEFI).<\/p>\n<p>El evento estuvo encabezado por el presidente de la Fedof\u00fatbol, Rub\u00e9n Garc\u00eda Cipri\u00e1n; Alberto Rodr\u00edguez, director del Inefi; Jennifer Roche, coordinadora del proyecto Generation Amazing, por Concacaf; junto al se\u00f1or Marco Santill\u00e1n, instructor de FIFA y Concacaf.<\/p>\n<p>El Proyecto Generation Amazing es una iniciativa de la Asociaci\u00f3n de F\u00fatbol de Catar que ha sido implementada exitosamente en varios pa\u00edses de Medio Oriente y Asia y que ahora se pondr\u00e1 en marcha junto a la Concacaf para iniciar con un plan piloto en 11 pa\u00edses de la regi\u00f3n que incluye a la Rep\u00fablica Dominicana.<\/p>\n<p>El mismo tendr\u00e1 un enfoque significativo en el desarrollo de entrenadores comunitarios a trav\u00e9s de la capacitaci\u00f3n, que a su vez beneficiar\u00e1 a miles de j\u00f3venes y ni\u00f1os en todo el pa\u00eds.<\/p>\n<p>Este programa permitir\u00e1 a las asociaciones miembro de la Concacaf optimizar sus propios planes de estudio y formaci\u00f3n para entrenadores de las categor\u00edas juveniles, proporcion\u00e1ndoles las herramientas que necesitan para ofrecer mejor calidad de ense\u00f1anza.<\/p>\n<p>Tanto Garc\u00eda, como Rodr\u00edguez elogiaron el proyecto implementado por Concacaf.<\/p>\n<p>\u201cPara la Fedof\u00fatbol es una misi\u00f3n cumplida. Este programa ser\u00e1 aprovechado por m\u00e1s de 700 estudiantes en diferentes partes del pa\u00eds, a trav\u00e9s de la Federaci\u00f3n de F\u00fatbol, el Inefi y Concacaf\u201d, se\u00f1al\u00f3 Garc\u00eda.<\/p>\n<p>\u201cLa idea es llevar el proyecto piloto no solo por un mes o mes y medio, sino m\u00e1s all\u00e1 de varios a\u00f1os, que es nuestro objetivo\u201d, a\u00f1adi\u00f3 el presidente de Fedof\u00fatbol.<\/p>\n<p>Por su parte, Rodr\u00edguez, indic\u00f3 que este proyecto tendr\u00e1 un gran impacto en las escuelas y los barrios del pa\u00eds.<\/p>\n","protected":false},"excerpt":{"rendered":"<p>El proyecto tendr\u00e1 un enfoque significativo en el desarrollo de entrenadores comunitarios a trav\u00e9s de la capacitaci\u00f3n.<\/p>\n","protected":false},"author":13,"featured_media":111791,"comment_status":"closed","ping_status":"closed","sticky":false,"template":"","format":"standard","meta":[],"categories":[83143,2,60],"tags":[77],"acf":[],"_links":{"self":[{"href":"https:\/\/colimdo.org\/wp-api\/wp\/v2\/posts\/111790"}],"collection":[{"href":"https:\/\/colimdo.org\/wp-api\/wp\/v2\/posts"}],"about":[{"href":"https:\/\/colimdo.org\/wp-api\/wp\/v2\/types\/post"}],"author":[{"embeddable":true,"href":"https:\/\/colimdo.org\/wp-api\/wp\/v2\/users\/13"}],"replies":[{"embeddable":true,"href":"https:\/\/colimdo.org\/wp-api\/wp\/v2\/comments?post=111790"}],"version-history":[{"count":1,"href":"https:\/\/colimdo.org\/wp-api\/wp\/v2\/posts\/111790\/revisions"}],"predecessor-version":[{"id":111792,"href":"https:\/\/colimdo.org\/wp-api\/wp\/v2\/posts\/111790\/revisions\/111792"}],"wp:featuredmedia":[{"embeddable":true,"href":"https:\/\/colimdo.org\/wp-api\/wp\/v2\/media\/111791"}],"wp:attachment":[{"href":"https:\/\/colimdo.org\/wp-api\/wp\/v2\/media?parent=111790"}],"wp:term":[{"taxonomy":"category","embeddable":true,"href":"https:\/\/colimdo.org\/wp-api\/wp\/v2\/categories?post=111790"},{"taxonomy":"post_tag","embeddable":true,"href":"https:\/\/colimdo.org\/wp-api\/wp\/v2\/tags?post=111790"}],"curies":[{"name":"wp","href":"https:\/\/api.w.org\/{rel}","templated":true}]}}