{"id":113032,"date":"2022-12-13T02:27:17","date_gmt":"2022-12-13T02:27:17","guid":{"rendered":"https:\/\/colimdo.org\/?p=113032"},"modified":"2022-12-13T02:27:17","modified_gmt":"2022-12-13T02:27:17","slug":"fedofutbol-designa-daniel-pabon-director-desarrollo","status":"publish","type":"post","link":"https:\/\/colimdo.org\/noticias\/fedofutbol-designa-daniel-pabon-director-desarrollo\/","title":{"rendered":"Fedof\u00fatbol designa a Daniel Pab\u00f3n como director de desarrollo"},"content":{"rendered":"<p>SANTO DOMINGO. La Federaci\u00f3n Dominicana de F\u00fatbol design\u00f3 este lunes al colombiano Daniel Pab\u00f3n Mart\u00e1n como director de desarrollo para continuar potenciando las bases del f\u00fatbol dominicano. El comit\u00e9 ejecutivo de la Fedof\u00fatbol se ampar\u00f3 en el acuerdo bilateral entre Rep\u00fablica Dominicana y Colombia para encontrar a una persona con el perfil adecuado para esta posici\u00f3n.<\/p>\n<p>Daniel Pab\u00f3n, nacido en Cali \u2013 Colombia, viene de laborar como secretario t\u00e9cnico y gerente deportivo del Cortulu\u00e1 FC, instituci\u00f3n del f\u00fatbol profesional colombiano que durante la gesti\u00f3n de Pab\u00f3n logr\u00f3 el ascenso en 2021 para disputar la Primera Divisi\u00f3n en 2022.<\/p>\n<p>Entre sus logros en la gerencia deportiva cuenta con los subcapeonatos del Torneo Nacional Sub-15 y Sub-17 de Colombia en 2018, y a nivel internacional en la Copa Mitad del Mundo, celebrada en Ecuador en 2016.<\/p>\n<p>Pab\u00f3n se prepar\u00f3 en la Universidad Pompeu Fabra de Barcelona \u2013 Espa\u00f1a, en donde hizo un M\u00e1ster en Gesti\u00f3n y Direcci\u00f3n del Deporte. A nivel de la Confederaci\u00f3n Sudamericana de F\u00fatbol posee el curso de Capacitaci\u00f3n en F\u00fatbol Juvenil \u00c9lite del Programa Evoluci\u00f3n de la Conmebol, tambi\u00e9n el curso sobre Modelos de \u00c9xito en Divisiones Menores de Alto Nivel emitido por la Universidad de Los Andes en Bogot\u00e1 \u2013 Colombia, entre otros pergaminos orientados al f\u00fatbol juvenil de alto rendimiento.<\/p>\n<p>El nuevo director de desarrollo se incorpor\u00f3 hace un par de semanas a la Fedof\u00fatbol para ir conociendo el entorno del f\u00fatbol nacional y hacer un diagn\u00f3stico que permita planificar las estrategias a desarrollar a partir del 2023.<\/p>\n<p>\u201cTen\u00eda algunas referencias sobre el f\u00fatbol dominicano, pero lo mejor era venir y conocerlo en cancha y a eso me he dedicado estas dos semanas, ver c\u00f3mo es la estructura de sus torneos, de las asociaciones provinciales, los lineamientos que tienen para cada torneo dependiendo de las edades, etc\u201d, expres\u00f3 Daniel Pab\u00f3n.<\/p>\n<p>\u201cHe tenido la posibilidad de ir a visitar San Crist\u00f3bal, Moca, Santo Domingo y en La Vega y me he encontrado cosas muy interesantes como la calidad de los jugadores y otras que van orientadas a la implementaci\u00f3n de regulaciones estandarizadas como por ejemplo las dimensiones de las canchas y la cantidad de jugadores dependiendo la categor\u00eda, entre otras cosas\u201d, continu\u00f3 explicando.<\/p>\n<p>El gerente hizo \u00e9nfasis en que la intenci\u00f3n es aplicar un modelo descentralizado en el que la Direcci\u00f3n de Desarrollo de la Fedof\u00fatbol pueda internarse en cada una de las asociaciones provinciales.<\/p>\n<p>\u201cLos ejecutivos han sido muy abiertos, me han permitido plantear ideas y discutirlas porque al final son decisiones que se tienen que tomar como pa\u00eds inclusive, m\u00e1s que como Fedof\u00fatbol, pero lo m\u00e1s importante es que todos concuerdan en que el f\u00fatbol se desarrolle\u201d, comunic\u00f3 sobre sus primeras reuniones con los directivos de la federaci\u00f3n.<\/p>\n","protected":false},"excerpt":{"rendered":"<p>Daniel Pab\u00f3n, nacido en Cali \u2013 Colombia, viene de laborar como secretario t\u00e9cnico y gerente deportivo del Cortulu\u00e1 FC.<\/p>\n","protected":false},"author":13,"featured_media":113033,"comment_status":"closed","ping_status":"closed","sticky":false,"template":"","format":"standard","meta":[],"categories":[3,2,60],"tags":[79775],"acf":[],"_links":{"self":[{"href":"https:\/\/colimdo.org\/wp-api\/wp\/v2\/posts\/113032"}],"collection":[{"href":"https:\/\/colimdo.org\/wp-api\/wp\/v2\/posts"}],"about":[{"href":"https:\/\/colimdo.org\/wp-api\/wp\/v2\/types\/post"}],"author":[{"embeddable":true,"href":"https:\/\/colimdo.org\/wp-api\/wp\/v2\/users\/13"}],"replies":[{"embeddable":true,"href":"https:\/\/colimdo.org\/wp-api\/wp\/v2\/comments?post=113032"}],"version-history":[{"count":1,"href":"https:\/\/colimdo.org\/wp-api\/wp\/v2\/posts\/113032\/revisions"}],"predecessor-version":[{"id":113034,"href":"https:\/\/colimdo.org\/wp-api\/wp\/v2\/posts\/113032\/revisions\/113034"}],"wp:featuredmedia":[{"embeddable":true,"href":"https:\/\/colimdo.org\/wp-api\/wp\/v2\/media\/113033"}],"wp:attachment":[{"href":"https:\/\/colimdo.org\/wp-api\/wp\/v2\/media?parent=113032"}],"wp:term":[{"taxonomy":"category","embeddable":true,"href":"https:\/\/colimdo.org\/wp-api\/wp\/v2\/categories?post=113032"},{"taxonomy":"post_tag","embeddable":true,"href":"https:\/\/colimdo.org\/wp-api\/wp\/v2\/tags?post=113032"}],"curies":[{"name":"wp","href":"https:\/\/api.w.org\/{rel}","templated":true}]}}