{"id":113902,"date":"2023-01-09T21:25:19","date_gmt":"2023-01-09T21:25:19","guid":{"rendered":"https:\/\/colimdo.org\/?p=113902"},"modified":"2023-01-09T21:25:19","modified_gmt":"2023-01-09T21:25:19","slug":"gareth-bale-anuncia-retirada-del-futbol","status":"publish","type":"post","link":"https:\/\/colimdo.org\/titulares\/gareth-bale-anuncia-retirada-del-futbol\/","title":{"rendered":"Gareth Bale anuncia su retirada del f\u00fatbol"},"content":{"rendered":"<p><strong>Londres. (EFE)<\/strong>.- Gareth Bale, exfutbolista del Real Madrid, anunci\u00f3 este lunes su retirada del f\u00fatbol profesional tras 17 temporadas en la \u00e9lite.<\/p>\n<p>El gal\u00e9s, cuyo \u00faltimo club fue el Los Angeles FC, deja el f\u00fatbol a los 33 a\u00f1os, tras una exitosa carrera en la que gan\u00f3 cinco Ligas de Campeones, tres ligas espa\u00f1olas y llev\u00f3 a su selecci\u00f3n a las semifinales de la Eurocopa 2016 y a su primer Mundial desde 1958.<\/p>\n<p>&#8220;Despu\u00e9s de haberlo sopesado cuidadosamente, anuncio mi inmediata retirada del f\u00fatbol de clubes e internacional&#8221;, dijo Bale en un comunicado publicado en sus redes sociales.<\/p>\n<p>&#8220;Me siento incre\u00edblemente afortunado de haber logrado el sue\u00f1o de dedicarme al deporte que amo. Me ha dado algunos de los mejores momentos de mi vida. Momentos muy buenos y momentos malos en 17 temporadas que son imposibles de repetir, me depare lo que me depare el futuro&#8221;, subray\u00f3.<\/p>\n<p>La carrera de Bale le llev\u00f3 del Southampton, al Tottenham Hotspur, que pag\u00f3 15 millones de euros por \u00e9l en 2007. En los &#8216;Spurs&#8217; se convirti\u00f3 en uno de los jugadores m\u00e1s importantes del mundo, actuando por la banda izquierda, tanto de carrilero como de extremo, lo que despert\u00f3 el inter\u00e9s del Real Madrid, que en 2013 desembols\u00f3 100 millones de euros por \u00e9l.<\/p>\n<p>En el club blanco cosech\u00f3 sus mayores \u00e9xitos, con cinco t\u00edtulos de la Liga de Campeones, siendo decisivo en dos finales, adem\u00e1s de tres ligas, tres Mundiales de Clubes, tres Supercopas de Europa y una Copa del Rey.<\/p>\n<p>Sus ocho temporadas en el club blanco estuvieron emborronadas por las tres \u00faltimas, en las que fue incapaz de tomar el relevo de Cristiano Ronaldo y su desinter\u00e9s y ca\u00edda en las lesiones manch\u00f3 el historial de uno de los jugadores m\u00e1s importantes de la historia reciente del Real Madrid.<\/p>\n<p>&#8220;Desde mi primer toque con el Southampton hasta el \u00faltimo con Los Angeles, y todo lo que ha pasado entremedias, ha resultado una carrera que me llena de orgullo y gratitud. Jugar para mi pa\u00eds en 111 ocasiones es un sue\u00f1o hecho realidad&#8221;, afirm\u00f3.<\/p>\n<p>En su carta de despedida, Bale se acord\u00f3 de sus clubes, el Southampton, el Tottenham, el Real Madrid y el LAFC, as\u00ed como de sus entrenadores, compa\u00f1eros, agentes y familia.<\/p>\n<p>&#8220;Ahora paso p\u00e1gina con ganas de ver el pr\u00f3ximo cap\u00edtulo de mi vida. Es un momento de cambio y transici\u00f3n, una oportunidad para una nueva aventura&#8221;, se\u00f1al\u00f3 el gal\u00e9s.<\/p>\n","protected":false},"excerpt":{"rendered":"<p>Londres. (EFE).- Gareth Bale, exfutbolista del Real Madrid, anunci\u00f3 este lunes su retirada del f\u00fatbol profesional tras 17 temporadas en la \u00e9lite. El gal\u00e9s, cuyo \u00faltimo club fue el Los Angeles FC, deja el f\u00fatbol a los 33 a\u00f1os, tras una exitosa carrera en la que gan\u00f3 cinco Ligas de Campeones, tres ligas espa\u00f1olas y [&hellip;]<\/p>\n","protected":false},"author":13,"featured_media":0,"comment_status":"closed","ping_status":"closed","sticky":false,"template":"","format":"standard","meta":[],"categories":[64,60],"tags":[77],"acf":[],"_links":{"self":[{"href":"https:\/\/colimdo.org\/wp-api\/wp\/v2\/posts\/113902"}],"collection":[{"href":"https:\/\/colimdo.org\/wp-api\/wp\/v2\/posts"}],"about":[{"href":"https:\/\/colimdo.org\/wp-api\/wp\/v2\/types\/post"}],"author":[{"embeddable":true,"href":"https:\/\/colimdo.org\/wp-api\/wp\/v2\/users\/13"}],"replies":[{"embeddable":true,"href":"https:\/\/colimdo.org\/wp-api\/wp\/v2\/comments?post=113902"}],"version-history":[{"count":1,"href":"https:\/\/colimdo.org\/wp-api\/wp\/v2\/posts\/113902\/revisions"}],"predecessor-version":[{"id":113903,"href":"https:\/\/colimdo.org\/wp-api\/wp\/v2\/posts\/113902\/revisions\/113903"}],"wp:attachment":[{"href":"https:\/\/colimdo.org\/wp-api\/wp\/v2\/media?parent=113902"}],"wp:term":[{"taxonomy":"category","embeddable":true,"href":"https:\/\/colimdo.org\/wp-api\/wp\/v2\/categories?post=113902"},{"taxonomy":"post_tag","embeddable":true,"href":"https:\/\/colimdo.org\/wp-api\/wp\/v2\/tags?post=113902"}],"curies":[{"name":"wp","href":"https:\/\/api.w.org\/{rel}","templated":true}]}}