{"id":118849,"date":"2023-08-08T01:19:50","date_gmt":"2023-08-08T01:19:50","guid":{"rendered":"https:\/\/colimdo.org\/?p=118849"},"modified":"2023-08-08T01:19:57","modified_gmt":"2023-08-08T01:19:57","slug":"uribe-dice-karl-towns-estara-con-la-seleccion-dominicana-en-espana","status":"publish","type":"post","link":"https:\/\/colimdo.org\/noticias\/uribe-dice-karl-towns-estara-con-la-seleccion-dominicana-en-espana\/","title":{"rendered":"Uribe dice Karl Towns estar\u00e1 con la selecci\u00f3n dominicana en Espa\u00f1a"},"content":{"rendered":"<p>SANTOD DOMINGO.- Karl Towns estar\u00e1 con el equipo nacional de baloncesto en la concentraci\u00f3n de Espa\u00f1a, previo al Mundial de Baloncesto que se va a celebrar desde el 25 de agosto. El torneo se jugar\u00e1 en Filipinas, Jap\u00f3n e Indonesia.<\/p>\n<p>El equipo nacional, aunque a\u00fan no tiene los fondos a mano por completo, ir\u00e1 al evento.<\/p>\n<p>As\u00ed lo revel\u00f3 Rafael Uribe, presidente de la Federaci\u00f3n Dominicana de Baloncesto (Fedombal), al hablar este lunes en el programa Diamante Deportivo.<\/p>\n<p>La selecci\u00f3n nacional tiene un presupuesto para el trayecto y el evento de unos 800 mil d\u00f3lares. Se le entreg\u00f3 un presupuesto a la Presidencia v\u00eda Jos\u00e9 Paliza que oscila en los 500 mil d\u00f3lares.<\/p>\n<p>\u201cTowns (Karl) se va a unir con el equipo en Espa\u00f1a, no en Letonia, esa es la conversaci\u00f3n que hemos tenido con \u00e9l\u201d, inform\u00f3 Uribe en el programa radial, a los periodistas Bienvenido Carmona Jr., Pedro Brice\u00f1o, Iv\u00e1n Cruz y William Aish.<\/p>\n<p>\u201cCon Towns, estamos afinando los \u00faltimos detalles para que est\u00e9 con el equipo en Espa\u00f1a, es un jugador internacional, y hay muchos requisitos que hay que cumplir\u201d, agreg\u00f3 Uribe, quien est\u00e1 optimista de la entrada del jugador de Minnesota.<\/p>\n<p>Destac\u00f3 que el equipo dominicano lleg\u00f3 a Letonia y tuvo dos sesiones de pr\u00e1ctica este lunes. All\u00ed tendr\u00e1 dos partidos de fogueo, uno el d\u00eda 10 a puerta cerrada y el otro, el 12 abierto al p\u00fablico.<\/p>\n<p>Dijo que la agenda ser\u00e1 la siguiente \u201cel equipo viaja el d\u00eda 13 a M\u00e1laga (Espa\u00f1a), para la concentraci\u00f3n, tendr\u00e1 dos partidos Canad\u00e1 y Espa\u00f1a, para luego viajar a Filipinas, con escala en Estambul el d\u00eda 20\u201d.<\/p>\n<p>La tricolor jugar\u00e1 dos partidos los d\u00edas 18 (Canad\u00e1) y 19 (Espa\u00f1a) del presente mes, en Granada, Espa\u00f1a.<\/p>\n<p>Al equipo solo le faltar\u00eda Towns y Justin Minaya, de quien se espera se una a la selecci\u00f3n en Espa\u00f1a.<\/p>\n<p>\u201cHoy (este lunes) habl\u00e9 con Omar (padre de Minaya) y me dijo que va a consultar la situaci\u00f3n de su hijo. Ya el dirigente (N\u00e9stor -Che- Garc\u00eda) quiere que \u00e9l haga su rehabilitaci\u00f3n en Espa\u00f1a\u201d, se\u00f1al\u00f3 Uribe, al tiempo que a\u00f1adi\u00f3 que el argentino quiere que\u00a0haga el sistema con el equipo, pero que se recupere, ya que para \u00e9l es un jugador muy importante.<\/p>\n<p>Dijo que el equipo est\u00e1 pr\u00e1cticamente completo con la llegada ahora de Andr\u00e9s Feliz y Gelvis Solano, antes hab\u00edan hecho el viaje a Letonia V\u00edctor Liz, Lester Qui\u00f1ones, Jean Montero, Rigoberto Mendoza, LJ Figueroa, Gerardo Suero, Eloy Vargas y Antonio Pe\u00f1a.<\/p>\n<p>Sobre \u00c1ngel Delgado, dijo que el espigado jugador viaj\u00f3 al pa\u00eds luego del fogueo ante Puerto Rico, por una situaci\u00f3n personal, pero que se unir\u00e1 a la selecci\u00f3n en los pr\u00f3ximos d\u00edas.<\/p>\n<p>Sobre el partido amistoso ante la selecci\u00f3n de Puerto Rico, Uribe elogi\u00f3 el encuentro y que espera que los vecinos devuelvan la visita a Santo Domingo.<\/p>\n<p>\u201cFue un amistoso extraordinario, maravilloso entre ambos equipos mundialistas, lo programamos en marzo con Yum Ramos, (presidente de la Federaci\u00f3n de Baloncesto de Puerto Rico) a quien le extiendo un caluroso saludo, buena amistad, desde marzo se plane\u00f3 todo y miren lo bonito que fue ese encuentro\u201d, resalt\u00f3 Uribe sobre el encuentro celebrado el viernes en el Choliseo de Puerto Rico, a casa llena, donde se dieron cita m\u00e1s de 18 mil fan\u00e1ticos.<\/p>\n<p>\u201cTuvimos un gran espect\u00e1culo tambi\u00e9n el mi\u00e9rcoles contra la Universidad de Memphis, donde vinieron m\u00e1s de 9 mil fan\u00e1ticos; no pudieron asistir m\u00e1s porque el Palacio (de los Deportes) solo tiene esa cantidad\u201d, a\u00f1adi\u00f3.<\/p>\n","protected":false},"excerpt":{"rendered":"<p>SANTOD DOMINGO.- Karl Towns estar\u00e1 con el equipo nacional de baloncesto en la concentraci\u00f3n de Espa\u00f1a, previo al Mundial de Baloncesto que se va a celebrar desde el 25 de agosto. El torneo se jugar\u00e1 en Filipinas, Jap\u00f3n e Indonesia. El equipo nacional, aunque a\u00fan no tiene los fondos a mano por completo, ir\u00e1 al [&hellip;]<\/p>\n","protected":false},"author":13,"featured_media":118850,"comment_status":"closed","ping_status":"closed","sticky":false,"template":"","format":"standard","meta":[],"categories":[3,2,60],"tags":[24795],"acf":[],"_links":{"self":[{"href":"https:\/\/colimdo.org\/wp-api\/wp\/v2\/posts\/118849"}],"collection":[{"href":"https:\/\/colimdo.org\/wp-api\/wp\/v2\/posts"}],"about":[{"href":"https:\/\/colimdo.org\/wp-api\/wp\/v2\/types\/post"}],"author":[{"embeddable":true,"href":"https:\/\/colimdo.org\/wp-api\/wp\/v2\/users\/13"}],"replies":[{"embeddable":true,"href":"https:\/\/colimdo.org\/wp-api\/wp\/v2\/comments?post=118849"}],"version-history":[{"count":1,"href":"https:\/\/colimdo.org\/wp-api\/wp\/v2\/posts\/118849\/revisions"}],"predecessor-version":[{"id":118851,"href":"https:\/\/colimdo.org\/wp-api\/wp\/v2\/posts\/118849\/revisions\/118851"}],"wp:featuredmedia":[{"embeddable":true,"href":"https:\/\/colimdo.org\/wp-api\/wp\/v2\/media\/118850"}],"wp:attachment":[{"href":"https:\/\/colimdo.org\/wp-api\/wp\/v2\/media?parent=118849"}],"wp:term":[{"taxonomy":"category","embeddable":true,"href":"https:\/\/colimdo.org\/wp-api\/wp\/v2\/categories?post=118849"},{"taxonomy":"post_tag","embeddable":true,"href":"https:\/\/colimdo.org\/wp-api\/wp\/v2\/tags?post=118849"}],"curies":[{"name":"wp","href":"https:\/\/api.w.org\/{rel}","templated":true}]}}