{"id":118864,"date":"2023-08-09T00:21:43","date_gmt":"2023-08-09T00:21:43","guid":{"rendered":"https:\/\/colimdo.org\/?p=118864"},"modified":"2023-08-09T00:21:58","modified_gmt":"2023-08-09T00:21:58","slug":"onceno-rd-cae-ante-guatemala-y-cierra-fase-grupos-campeonato-u-15-concacaf","status":"publish","type":"post","link":"https:\/\/colimdo.org\/noticias\/onceno-rd-cae-ante-guatemala-y-cierra-fase-grupos-campeonato-u-15-concacaf\/","title":{"rendered":"Onceno RD cae ante Guatemala y cierra fase grupos campeonato U-15 Concacaf"},"content":{"rendered":"<p>SANTO DOMINGO.- Rep\u00fablica Dominicana perdi\u00f3 este martes tres goles por cero frente a Guatemala en la tercera jornada del grupo C de la Liga A del Campeonato U15 de Concacaf 2023 que se est\u00e1 celebrando en nuestro pa\u00eds. El encuentro se llev\u00f3 a cabo en el Estadio Ol\u00edmpico F\u00e9lix S\u00e1nchez de Santo Domingo.<\/p>\n<p>El conjunto nacional jugar\u00e1 este jueves 10 de agosto en el Estadio Panamericano de San Crist\u00f3bal contra un rival y horario por definir.<\/p>\n<p>Marvin Avila fue el autor de los tres tantos -2\u2019, 29\u2019 y 33\u2019- del combinado centroamericano.<\/p>\n<p>Lu\u00eds Pereyra tuvo una oportunidad para igualar las acciones a los 28\u2019 minutos, pero su buena definici\u00f3n se qued\u00f3 corta ante la salida del meta guatemalteco.<\/p>\n<p>Adri\u00e1n Garc\u00eda tuvo otra buena oportunidad de anotar ya en el cierre del partido cuando desbord\u00f3 por la banda izquierda para internarse en el \u00e1rea rival, pero su disparo se fue ligeramente desviado.<\/p>\n<p>Esta competici\u00f3n como parte del programa de desarrollo de la Concacaf permite que haya una fase m\u00e1s para reordenar a los conjuntos del puesto nueve al diecis\u00e9is, la misma ser\u00e1 disputada el pr\u00f3ximo jueves.<\/p>\n","protected":false},"excerpt":{"rendered":"<p>SANTO DOMINGO.- Rep\u00fablica Dominicana perdi\u00f3 este martes tres goles por cero frente a Guatemala en la tercera jornada del grupo C de la Liga A del Campeonato U15 de Concacaf 2023 que se est\u00e1 celebrando en nuestro pa\u00eds. El encuentro se llev\u00f3 a cabo en el Estadio Ol\u00edmpico F\u00e9lix S\u00e1nchez de Santo Domingo. El conjunto [&hellip;]<\/p>\n","protected":false},"author":13,"featured_media":118865,"comment_status":"closed","ping_status":"closed","sticky":false,"template":"","format":"standard","meta":[],"categories":[3,2,60],"tags":[77],"acf":[],"_links":{"self":[{"href":"https:\/\/colimdo.org\/wp-api\/wp\/v2\/posts\/118864"}],"collection":[{"href":"https:\/\/colimdo.org\/wp-api\/wp\/v2\/posts"}],"about":[{"href":"https:\/\/colimdo.org\/wp-api\/wp\/v2\/types\/post"}],"author":[{"embeddable":true,"href":"https:\/\/colimdo.org\/wp-api\/wp\/v2\/users\/13"}],"replies":[{"embeddable":true,"href":"https:\/\/colimdo.org\/wp-api\/wp\/v2\/comments?post=118864"}],"version-history":[{"count":1,"href":"https:\/\/colimdo.org\/wp-api\/wp\/v2\/posts\/118864\/revisions"}],"predecessor-version":[{"id":118866,"href":"https:\/\/colimdo.org\/wp-api\/wp\/v2\/posts\/118864\/revisions\/118866"}],"wp:featuredmedia":[{"embeddable":true,"href":"https:\/\/colimdo.org\/wp-api\/wp\/v2\/media\/118865"}],"wp:attachment":[{"href":"https:\/\/colimdo.org\/wp-api\/wp\/v2\/media?parent=118864"}],"wp:term":[{"taxonomy":"category","embeddable":true,"href":"https:\/\/colimdo.org\/wp-api\/wp\/v2\/categories?post=118864"},{"taxonomy":"post_tag","embeddable":true,"href":"https:\/\/colimdo.org\/wp-api\/wp\/v2\/tags?post=118864"}],"curies":[{"name":"wp","href":"https:\/\/api.w.org\/{rel}","templated":true}]}}