{"id":118933,"date":"2023-08-11T00:17:02","date_gmt":"2023-08-11T00:17:02","guid":{"rendered":"https:\/\/colimdo.org\/?p=118933"},"modified":"2023-08-11T00:17:02","modified_gmt":"2023-08-11T00:17:02","slug":"reconocen-vida-y-trayectoria-fenecido-periodista-mario-e-guerrero","status":"publish","type":"post","link":"https:\/\/colimdo.org\/noticias\/reconocen-vida-y-trayectoria-fenecido-periodista-mario-e-guerrero\/","title":{"rendered":"Reconocen vida y trayectoria fenecido periodista Mario E. Guerrero"},"content":{"rendered":"<p>Santo Domingo. La Galer\u00eda de la Fama del Tenis Dominicano reconoci\u00f3 este mi\u00e9rcoles la trayectoria y vida del periodista Mario Emilio Guerrero, cofundador de esta organizaci\u00f3n en el a\u00f1o 2017 junto a la se\u00f1ora Ivelisse Jos\u00e9.<\/p>\n<p>El auditorio del Pabell\u00f3n de la Fama del Deporte Dominicano, en el Centro Ol\u00edmpico Juan Pablo Duarte, fue el escenario para rendir homenaje a la labor que realiz\u00f3 Guerrero a favor del tenis y que cont\u00f3 con el apoyo del Ministerio de Deportes y Recreaci\u00f3n (Miderec), en cuya Direcci\u00f3n de Comunicaci\u00f3n laboraba a la hora de su fallecimiento de un infarto el 5 de julio de 2022.<\/p>\n<p>La se\u00f1ora Nieves Morales viuda de Guerrero tuvo a cargo las palabras centrales del evento y donde resalt\u00f3 todas las cualidades profesionales y humanas que adornaron la vida del comunicador.<\/p>\n<p>\u201cDe Mario Emilio podemos destacar su capacidad de trabajo, no importaba la hora ni el d\u00eda, \u00e9l lo disfrutaba al m\u00e1ximo, ten\u00eda una capacidad intelectual pasmosa, siempre quer\u00eda dar ese conocimiento a todos\u201d, expres\u00f3 la se\u00f1ora Morales.<\/p>\n<p>Franklin De la Mota, viceministro de Deportes, en representaci\u00f3n del ministro Francisco Camacho, alab\u00f3 la entrega y dedicaci\u00f3n con que Guerrero desempe\u00f1\u00f3 sus funciones a cargo del departamento de Relaciones P\u00fablicas del Miderec.<\/p>\n<p>\u201cPara el Ministerio de Deportes, el ministro Camacho y todo el equipo que fuimos sus compa\u00f1eros de trabajo, tuvimos la gran dicha de que cuando le consult\u00e1bamos algo siempre era algo correcto, sab\u00eda c\u00f3mo instruirnos ante cualquier situaci\u00f3n de los conflictos y c\u00f3mo mediar\u201d, dijo De la Mota.<\/p>\n<p>En la actividad intervinieron, adem\u00e1s, Luis\u00edn Mej\u00eda, miembro del Comit\u00e9 Ol\u00edmpico Internacional y presidente de Centro Caribe Sports;\u00a0los periodistas H\u00e9ctor J. Cruz, editor deportivo de List\u00edn Diario, y Leo Corpor\u00e1n, editor deportivo de El Nacional; Persio Maldonado, presidente de la Federaci\u00f3n Dominicana de Tenis; y Dionisio Guzm\u00e1n, presidente del Pabell\u00f3n de la Fama del Deporte Dominicano.<\/p>\n<p>Por igual, el doctor Jos\u00e9 Joaqu\u00edn Puello, presidente Ad-Vitam del COD;\u00a0Roberto Rizik, titular del Santo Domingo Tenis Club; Chabela Estrella, del grupo Bison\u00f3; y Antonio Gonz\u00e1lez Palencia, director t\u00e9cnico de la Federaci\u00f3n de Tenis de Murcia, Espa\u00f1a.<\/p>\n<p>El joven Mario Antonio Guerrero, hijo del comunicador, recibi\u00f3 el reconocimiento a la memoria de su padre.<\/p>\n<p>La Galer\u00eda de la Fama del Tenis Dominicano cont\u00f3 con el respaldo del Miderec, Banreservas, Central Romana, Industrias Bison\u00f3, Casa de Campo, Transoil, Mercasid, List\u00edn Diario y la revista Ritmo Social.<\/p>\n","protected":false},"excerpt":{"rendered":"<p>Santo Domingo. La Galer\u00eda de la Fama del Tenis Dominicano reconoci\u00f3 este mi\u00e9rcoles la trayectoria y vida del periodista Mario Emilio Guerrero, cofundador de esta organizaci\u00f3n en el a\u00f1o 2017 junto a la se\u00f1ora Ivelisse Jos\u00e9. El auditorio del Pabell\u00f3n de la Fama del Deporte Dominicano, en el Centro Ol\u00edmpico Juan Pablo Duarte, fue el [&hellip;]<\/p>\n","protected":false},"author":13,"featured_media":118934,"comment_status":"closed","ping_status":"closed","sticky":false,"template":"","format":"standard","meta":[],"categories":[83143,2,60],"tags":[100447],"acf":[],"_links":{"self":[{"href":"https:\/\/colimdo.org\/wp-api\/wp\/v2\/posts\/118933"}],"collection":[{"href":"https:\/\/colimdo.org\/wp-api\/wp\/v2\/posts"}],"about":[{"href":"https:\/\/colimdo.org\/wp-api\/wp\/v2\/types\/post"}],"author":[{"embeddable":true,"href":"https:\/\/colimdo.org\/wp-api\/wp\/v2\/users\/13"}],"replies":[{"embeddable":true,"href":"https:\/\/colimdo.org\/wp-api\/wp\/v2\/comments?post=118933"}],"version-history":[{"count":1,"href":"https:\/\/colimdo.org\/wp-api\/wp\/v2\/posts\/118933\/revisions"}],"predecessor-version":[{"id":118935,"href":"https:\/\/colimdo.org\/wp-api\/wp\/v2\/posts\/118933\/revisions\/118935"}],"wp:featuredmedia":[{"embeddable":true,"href":"https:\/\/colimdo.org\/wp-api\/wp\/v2\/media\/118934"}],"wp:attachment":[{"href":"https:\/\/colimdo.org\/wp-api\/wp\/v2\/media?parent=118933"}],"wp:term":[{"taxonomy":"category","embeddable":true,"href":"https:\/\/colimdo.org\/wp-api\/wp\/v2\/categories?post=118933"},{"taxonomy":"post_tag","embeddable":true,"href":"https:\/\/colimdo.org\/wp-api\/wp\/v2\/tags?post=118933"}],"curies":[{"name":"wp","href":"https:\/\/api.w.org\/{rel}","templated":true}]}}