{"id":119273,"date":"2023-08-31T14:04:49","date_gmt":"2023-08-31T14:04:49","guid":{"rendered":"https:\/\/colimdo.org\/?p=119273"},"modified":"2023-08-31T14:04:49","modified_gmt":"2023-08-31T14:04:49","slug":"equipo-rd-enfrentara-a-puerto-rico-este-viernes-en-mundial-basket","status":"publish","type":"post","link":"https:\/\/colimdo.org\/noticias\/equipo-rd-enfrentara-a-puerto-rico-este-viernes-en-mundial-basket\/","title":{"rendered":"Equipo RD enfrentar\u00e1 a Puerto Rico este viernes en Mundial Basket"},"content":{"rendered":"<p>MANILA, FILIPINAS.- La selecci\u00f3n dominicana de baloncesto se cruzar\u00e1 con Puerto Rico y Serbia en la segunda ronda del Campeonato Mundial de Baloncesto FIBA 2023, en la sede del Araneta Coliseum, en la ciudad Manila.<\/p>\n<p>Los quisqueyanos dominaron invicto el Grupo A, en primera ronda, con 3-0, y se le uni\u00f3 Italia, 2-1, para junto a serbios (3-0) y boricuas (2-1), del Grupo B, formar en la segunda ronda el Grupo I, de donde avanzar\u00e1n los dos mejores equipos a cuartos de finales.<\/p>\n<p>Contra Puerto Rico, los dominicanos pisar\u00e1n el tabloncillo filipino este viernes a las 8:00 de la noche, hora de Manila (8:00 de la ma\u00f1ana, hora dominicana).<\/p>\n<p>A principio de este mes, fue la \u00faltima vez que se vieron la cara ambos seleccionados, aunque fue en un partido amistoso celebrado en el Coliseo de Puerto Rico Jos\u00e9 Miguel Agrelot, el Choliseo, donde los borinque\u00f1os se alzaron con la victoria 93-86.<\/p>\n<p>Por los de la Isla del Encanto, George Conditt IV e Isaiah Pi\u00f1eiro comandaron con 22 y 19 puntos, seguido de Tremont Waters con 14 unidades, y por los quisqueyanos, el capit\u00e1n V\u00edctor Liz anot\u00f3 20 puntos, LJ Figueroa 14 tantos y Rigoberto Mendoza 11 encestes.<\/p>\n<p>Luego, el domingo, el choque ser\u00e1 ante Serbia en el mismo horario que el viernes.<\/p>\n<p>La \u00faltima vez que se vieron las caras en una competencia oficial internacional la selecci\u00f3n dominicana sucumbi\u00f3 94-76 ante Serbia, en el partido inaugural del Repechaje Ol\u00edmpico efectuado en Belgrado, capital de Serbia, el 29 de junio del 2021.<\/p>\n<p>La ofensiva la lider\u00f3 con 18 puntos Boban Marjanovic, Filip Petrusev 17 y Vasilje Micic 16, y por los dominicanos, V\u00edctor Liz y Michael Torres, ambos anotaron 16 puntos.<\/p>\n<p>Segunda ronda<\/p>\n<p>Entre el viernes 1 y el lunes 4 de septiembre se jugar\u00e1n los partidos de segunda ronda, en la que de las 32 naciones que inicialmente compitieron en la Copa Mundial de Baloncesto 2023 se quedaron con vida 16.<\/p>\n","protected":false},"excerpt":{"rendered":"<p>MANILA, FILIPINAS.- La selecci\u00f3n dominicana de baloncesto se cruzar\u00e1 con Puerto Rico y Serbia en la segunda ronda del Campeonato Mundial de Baloncesto FIBA 2023, en la sede del Araneta Coliseum, en la ciudad Manila. Los quisqueyanos dominaron invicto el Grupo A, en primera ronda, con 3-0, y se le uni\u00f3 Italia, 2-1, para junto [&hellip;]<\/p>\n","protected":false},"author":13,"featured_media":119274,"comment_status":"closed","ping_status":"closed","sticky":false,"template":"","format":"standard","meta":[],"categories":[5,2,60],"tags":[100453],"acf":[],"_links":{"self":[{"href":"https:\/\/colimdo.org\/wp-api\/wp\/v2\/posts\/119273"}],"collection":[{"href":"https:\/\/colimdo.org\/wp-api\/wp\/v2\/posts"}],"about":[{"href":"https:\/\/colimdo.org\/wp-api\/wp\/v2\/types\/post"}],"author":[{"embeddable":true,"href":"https:\/\/colimdo.org\/wp-api\/wp\/v2\/users\/13"}],"replies":[{"embeddable":true,"href":"https:\/\/colimdo.org\/wp-api\/wp\/v2\/comments?post=119273"}],"version-history":[{"count":1,"href":"https:\/\/colimdo.org\/wp-api\/wp\/v2\/posts\/119273\/revisions"}],"predecessor-version":[{"id":119275,"href":"https:\/\/colimdo.org\/wp-api\/wp\/v2\/posts\/119273\/revisions\/119275"}],"wp:featuredmedia":[{"embeddable":true,"href":"https:\/\/colimdo.org\/wp-api\/wp\/v2\/media\/119274"}],"wp:attachment":[{"href":"https:\/\/colimdo.org\/wp-api\/wp\/v2\/media?parent=119273"}],"wp:term":[{"taxonomy":"category","embeddable":true,"href":"https:\/\/colimdo.org\/wp-api\/wp\/v2\/categories?post=119273"},{"taxonomy":"post_tag","embeddable":true,"href":"https:\/\/colimdo.org\/wp-api\/wp\/v2\/tags?post=119273"}],"curies":[{"name":"wp","href":"https:\/\/api.w.org\/{rel}","templated":true}]}}