{"id":119400,"date":"2023-09-06T02:35:32","date_gmt":"2023-09-06T02:35:32","guid":{"rendered":"https:\/\/colimdo.org\/?p=119400"},"modified":"2023-09-06T02:39:14","modified_gmt":"2023-09-06T02:39:14","slug":"fedoci-prepara-atletas-para-campeonatos-ciclismo-junior-2023","status":"publish","type":"post","link":"https:\/\/colimdo.org\/noticias\/fedoci-prepara-atletas-para-campeonatos-ciclismo-junior-2023\/","title":{"rendered":"FEDOCI prepara atletas para Campeonatos Ciclismo Junior 2023"},"content":{"rendered":"<p>SANTO DOMINGO.- La Federaci\u00f3n Dominicana de Ciclismo (FEDOCI), apoyado por tres reconocidos t\u00e9cnicos criollos, prepara arduamente a un grupo de ciclistas pre-juveniles y juveniles, del cual se escoger\u00e1 la selecci\u00f3n nacional de ambas categor\u00edas que participar\u00e1 en los Campeonatos del Caribe Junior, a disputarse del 15 al 17 de este mes en el Mirador Sur.<\/p>\n<p>As\u00ed lo inform\u00f3 el entrenador francomacorisano Julio Santana al periodista Mart\u00edn Olivo, tras finalizar una de las sesiones de entrenamientos realizadas en la Circunvalaci\u00f3n (s\u00e1bado) y en la Avenida de la Salud (domingo).<\/p>\n<p>Santana dijo que el equipo t\u00e9cnico est\u00e1 integrado por \u00e9l y los hermanos Adderlyn y Wendy Ram\u00f3n Cruz, destacados ciclistas m\u00e1sters y preparadores de Santiago de los Caballeros.<\/p>\n<p>El presidente del Club Ciclistas del Nordeste JS destac\u00f3 que existe un gran entusiasmo entre los m\u00e1s de 20 noveles pedalistas que integran clubes, equipos y asociaciones nacionales.<\/p>\n<p>&#8220;Los hermanos Cruz y un servidor agradecemos la colaboraci\u00f3n que ha suministrado la Federaci\u00f3n Dominicana de Ciclismo para que podamos preparar con todo lo debido a la pre selecci\u00f3n nacional de la cual sacaremos a los mejores representantes del pa\u00eds en las categor\u00edas pre-juvenil y juvenil, hembras y varones&#8221;, sostuvo Santana.<\/p>\n<p>El t\u00e9cnico francomacorisano hizo un llamado a todos los ciclistas menores de 18 a\u00f1os a que se comuniquen y se acerquen a \u00e9l o a los hermanos Cruz para que formen parte del preseleccionado.<\/p>\n<p>&#8220;Todo joven, chica o chico, que tengan menos de 18 a\u00f1os pueden integrarse al grupo, por ello hemos invitado a todos los clubes y equipos nacionales, as\u00ed como a las diversas asociaciones para que nos env\u00eden a sus muchachos&#8221;, resalt\u00f3.<\/p>\n","protected":false},"excerpt":{"rendered":"<p>SANTO DOMINGO.- La Federaci\u00f3n Dominicana de Ciclismo (FEDOCI), apoyado por tres reconocidos t\u00e9cnicos criollos, prepara arduamente a un grupo de ciclistas pre-juveniles y juveniles, del cual se escoger\u00e1 la selecci\u00f3n nacional de ambas categor\u00edas que participar\u00e1 en los Campeonatos del Caribe Junior, a disputarse del 15 al 17 de este mes en el Mirador Sur. [&hellip;]<\/p>\n","protected":false},"author":13,"featured_media":119401,"comment_status":"closed","ping_status":"closed","sticky":false,"template":"","format":"standard","meta":[],"categories":[3,2,60],"tags":[80257],"acf":[],"_links":{"self":[{"href":"https:\/\/colimdo.org\/wp-api\/wp\/v2\/posts\/119400"}],"collection":[{"href":"https:\/\/colimdo.org\/wp-api\/wp\/v2\/posts"}],"about":[{"href":"https:\/\/colimdo.org\/wp-api\/wp\/v2\/types\/post"}],"author":[{"embeddable":true,"href":"https:\/\/colimdo.org\/wp-api\/wp\/v2\/users\/13"}],"replies":[{"embeddable":true,"href":"https:\/\/colimdo.org\/wp-api\/wp\/v2\/comments?post=119400"}],"version-history":[{"count":2,"href":"https:\/\/colimdo.org\/wp-api\/wp\/v2\/posts\/119400\/revisions"}],"predecessor-version":[{"id":119403,"href":"https:\/\/colimdo.org\/wp-api\/wp\/v2\/posts\/119400\/revisions\/119403"}],"wp:featuredmedia":[{"embeddable":true,"href":"https:\/\/colimdo.org\/wp-api\/wp\/v2\/media\/119401"}],"wp:attachment":[{"href":"https:\/\/colimdo.org\/wp-api\/wp\/v2\/media?parent=119400"}],"wp:term":[{"taxonomy":"category","embeddable":true,"href":"https:\/\/colimdo.org\/wp-api\/wp\/v2\/categories?post=119400"},{"taxonomy":"post_tag","embeddable":true,"href":"https:\/\/colimdo.org\/wp-api\/wp\/v2\/tags?post=119400"}],"curies":[{"name":"wp","href":"https:\/\/api.w.org\/{rel}","templated":true}]}}