{"id":119548,"date":"2023-09-13T18:21:47","date_gmt":"2023-09-13T18:21:47","guid":{"rendered":"https:\/\/colimdo.org\/?p=119548"},"modified":"2023-09-13T18:22:01","modified_gmt":"2023-09-13T18:22:01","slug":"el-torneo-baloncesto-superior-de-moca-arranca-este-viernes","status":"publish","type":"post","link":"https:\/\/colimdo.org\/noticias\/el-torneo-baloncesto-superior-de-moca-arranca-este-viernes\/","title":{"rendered":"El Torneo baloncesto superior de Moca arranca este viernes"},"content":{"rendered":"<p><strong>Moca, Provincia Espaillat. &#8211;<\/strong>\u00a0La Asociaci\u00f3n de Baloncesto de la Provincia Espaillat (ASOBAE), y el Comit\u00e9 Organizador que preside el joven Emmanuel Bautista, anunciaron la celebraci\u00f3n del Torneo de Baloncesto Superior n\u00famero XXIX de Moca, programado para arrancar el viernes 15 de septiembre en el polideportivo \u201cMoca 85\u201d.<\/p>\n<p>Los presidentes del Comit\u00e9 Organizador, Bautista y V\u00e1squez de (ASOBAE), comunicaron del montaje en su edici\u00f3n n\u00famero XXIX que estar\u00e1 dedicado al presidente Luis Abinader y que el evento cuenta con el aval de la Federaci\u00f3n Dominicana de Baloncesto (Fedombal), que preside el ingeniero Rafael Uribe.<\/p>\n<p>En la justa se disputar\u00e1 la Copa INAPA (Instituto Nacional de Agua Potable y Alcantarillado), que patrocina Wellington Arnaud, se desarrollar\u00e1 con los equipos Don Bosco campe\u00f3n del 2022, el San Sebasti\u00e1n subcampe\u00f3n, La Cancha y Jos\u00e9 Horacio Rodr\u00edguez.<\/p>\n<p>El presidente del Comit\u00e9 Organizador, Emmanuel Bautista, especific\u00f3, \u201cEstamos trabajando para que ustedes reciban todo el apoyo necesario y tengan los mejores resultados, en todas las facetas del evento, ya que es la meta de todo el comit\u00e9 organizador y la ASOBAE\u201d.<\/p>\n<p>Igualmente, valor\u00f3 que los clubes y la ASOBAE dieran el visto bueno a la dedicatoria del torneo al presidente Luis Abinader, quien est\u00e1 super contento al poder recibir tan alta distinci\u00f3n del BSE de Moca.<\/p>\n<p>Finalmente, V\u00e1squez presidente de ASOBAE, destac\u00f3 que est\u00e1n listos para el inicio del evento con un tabloncillo totalmente remozado gracias al ingeniero Francisco\u00a0<em>Camacho<\/em>,\u00a0<em>ministro<\/em>\u00a0de\u00a0<em>Deportes<\/em>\u00a0y Recreaci\u00f3n, quien est\u00e1 brindando toda la log\u00edstica necesaria para el certamen. Adem\u00e1s, especific\u00f3 de la moderna boleter\u00eda que tendr\u00e1n con el famoso c\u00f3digo QR.<\/p>\n<p><strong>\u00a0<\/strong><strong>BOLETAS D\u00cdA INAUGURAL<\/strong><\/p>\n<p>El empresario Francisco Quezada, de Industrias Macier, compr\u00f3 todas las boletas para la inauguraci\u00f3n del Baloncesto Superior con Refuerzos de Moca, que arranca el viernes 15 de septiembre del 2023, la cual ser\u00e1 distribuida por su empresa para los clubes, fan\u00e1ticos, empresarios y entrar gratis el primer d\u00eda de acci\u00f3n de la justa.<\/p>\n<p><strong>ANUNCIAN REFUERZOS<\/strong><\/p>\n<p>Los cuatro clubes del baloncesto de Moca anunciaron sus refuerzos para la justa del 2023. Los campeones del Don Bosco; tienen como refuerzos a Luismal Ferreiras reconocido por la S\u00faper Liga LNB como el novato del a\u00f1o y el mejor jugador defensivo, adem\u00e1s de Jaison Valdez y su dirigente Joel Ram\u00edrez.<\/p>\n<p>Los subcampeones del San Sebasti\u00e1n cuentan con Jasel P\u00e9rez y el dirigente V\u00edctor Pe\u00f1a. En el club La Cancha; recibe a Niem Stevenson, Alan Griffin y el dirigente ser\u00e1 Robin zapata<\/p>\n<p>El club Jos\u00e9 Horacio Rodr\u00edguez; cuenta con Timmy Bond, Jared Shaw, su entrenador el conocido Santos Ceballos.<\/p>\n<p><strong>JORNADA INAUGURAL<\/strong><\/p>\n<p>Para el d\u00eda inaugural se jugar\u00e1 una doble jornada desde las 7:00 de la noche se ver\u00e1n las caras La Cancha y el Jose Horacio Rodr\u00edguez y a segunda hora a las 9:00 de la noche los campeones del Don Bosco y el San Sebasti\u00e1n subcampeones.<\/p>\n<p><strong>D\u00cdAS DE JUEGO Y PRECIOS DE ENTRADA \u00a0<\/strong><\/p>\n<p>En el certamen se jugar\u00e1 con doble jornada los mi\u00e9rcoles, viernes y domingo y se trasmitir\u00e1 por el canal 58 de Tele viaducto Canal 3. Los precios ser\u00e1n; seg\u00fan informaron de RD$100.00 en las gradas y el palco VIP de RD$250.00 pesos.<\/p>\n<p><strong>TELEVIADUCTO ANUNCIA INTERNET GRATIS EN EL TECHADO \u00a0<\/strong><\/p>\n<p>El presidente de la empresa Televiaducto SRL, don Pablo Grull\u00f3n anunci\u00f3 que tendr\u00e1n internet gratis para todos los asistentes al techado Dr. Rub\u00e9n Lulo Gitte, como un regalo de la empresa a la fanaticada del BSE de Moca.<\/p>\n","protected":false},"excerpt":{"rendered":"<p>Moca, Provincia Espaillat. &#8211;\u00a0La Asociaci\u00f3n de Baloncesto de la Provincia Espaillat (ASOBAE), y el Comit\u00e9 Organizador que preside el joven Emmanuel Bautista, anunciaron la celebraci\u00f3n del Torneo de Baloncesto Superior n\u00famero XXIX de Moca, programado para arrancar el viernes 15 de septiembre en el polideportivo \u201cMoca 85\u201d. Los presidentes del Comit\u00e9 Organizador, Bautista y V\u00e1squez [&hellip;]<\/p>\n","protected":false},"author":13,"featured_media":119549,"comment_status":"closed","ping_status":"closed","sticky":false,"template":"","format":"standard","meta":[],"categories":[2,4,60],"tags":[24795],"acf":[],"_links":{"self":[{"href":"https:\/\/colimdo.org\/wp-api\/wp\/v2\/posts\/119548"}],"collection":[{"href":"https:\/\/colimdo.org\/wp-api\/wp\/v2\/posts"}],"about":[{"href":"https:\/\/colimdo.org\/wp-api\/wp\/v2\/types\/post"}],"author":[{"embeddable":true,"href":"https:\/\/colimdo.org\/wp-api\/wp\/v2\/users\/13"}],"replies":[{"embeddable":true,"href":"https:\/\/colimdo.org\/wp-api\/wp\/v2\/comments?post=119548"}],"version-history":[{"count":1,"href":"https:\/\/colimdo.org\/wp-api\/wp\/v2\/posts\/119548\/revisions"}],"predecessor-version":[{"id":119550,"href":"https:\/\/colimdo.org\/wp-api\/wp\/v2\/posts\/119548\/revisions\/119550"}],"wp:featuredmedia":[{"embeddable":true,"href":"https:\/\/colimdo.org\/wp-api\/wp\/v2\/media\/119549"}],"wp:attachment":[{"href":"https:\/\/colimdo.org\/wp-api\/wp\/v2\/media?parent=119548"}],"wp:term":[{"taxonomy":"category","embeddable":true,"href":"https:\/\/colimdo.org\/wp-api\/wp\/v2\/categories?post=119548"},{"taxonomy":"post_tag","embeddable":true,"href":"https:\/\/colimdo.org\/wp-api\/wp\/v2\/tags?post=119548"}],"curies":[{"name":"wp","href":"https:\/\/api.w.org\/{rel}","templated":true}]}}