{"id":119569,"date":"2023-09-15T01:28:33","date_gmt":"2023-09-15T01:28:33","guid":{"rendered":"https:\/\/colimdo.org\/?p=119569"},"modified":"2023-09-15T01:28:42","modified_gmt":"2023-09-15T01:28:42","slug":"omb-celebrara-convencion-en-punta-cana-con-figuras-internacionales","status":"publish","type":"post","link":"https:\/\/colimdo.org\/noticias\/omb-celebrara-convencion-en-punta-cana-con-figuras-internacionales\/","title":{"rendered":"OMB celebrar\u00e1 convenci\u00f3n en Punta Cana con figuras internacionales"},"content":{"rendered":"<p>SANTO DOMINGO. El presidente de la Organizaci\u00f3n Mundial del Boxeo (OMB), Francisco -Paco- Valc\u00e1rcel, anunci\u00f3 la celebraci\u00f3n en Punta Cana del 9 al 13 de octubre pr\u00f3ximo, del 36 Congreso del organismo internacional, al cual se espera la presencia de importantes figuras de m\u00e1s de 80 pa\u00edses.<\/p>\n<p>La informaci\u00f3n fue dada a conocer en rueda de prensa efectuada en el Sal\u00f3n James Rodr\u00edguez del Ministerio de Deportes y Recreaci\u00f3n (Miderec), donde Valc\u00e1rcel asegur\u00f3 que la convenci\u00f3n ser\u00e1 todo un \u00e9xito y que incluso ha superado las expectativas que se hab\u00edan trazado.<\/p>\n<p>Valc\u00e1rcel agradeci\u00f3 el apoyo del Gobierno dominicano a trav\u00e9s del Miderec y solicit\u00f3 al presidente Luis Abinader que los acompa\u00f1e en la jornada deportiva que han preparado para deleite de todos los seguidores de esta disciplina de combate.<\/p>\n<p>\u201cEsperamos contar con todas las facilidades y buenas atenciones de los dominicanos para nuestros invitados internacionales desde que lleguen al aeropuerto\u201d, expres\u00f3.<\/p>\n<p>Al evento han sido convocados reconocidos pugilistas de todas partes del mundo como Terence Crawford, Amanda Serrano, Canelo \u00c1lvarez, Oscar de la Hoya (Golden Boy), Eric G\u00f3mez, entre otros.<\/p>\n<p>Tambi\u00e9n promotores como Frank Warren, Premier Boxing, Ben Shalom, Top Rank y otras.<\/p>\n<p>La Noche de Campeones de la OMB tendr\u00e1 una cartelera a cargo de la promotora Shuan Boxing, que preside B\u00e9lgica Pe\u00f1a, quien adelant\u00f3 que habr\u00e1 10 peleas, seis de ellas por t\u00edtulos regionales de la OMB.<\/p>\n<p>Paco Valc\u00e1rcel destac\u00f3 tambi\u00e9n que el mi\u00e9rcoles 11 de octubre se impartir\u00e1 un seminario para r\u00e9feris y jueces con traducci\u00f3n simult\u00e1nea al espa\u00f1ol, luego del cual los participantes podr\u00e1n tomar un examen para ser certificados y que as\u00ed puedan trabajar a nivel mundial.<\/p>\n<p>Otro seminario ser\u00e1 sobre c\u00e9lulas madre con expertos que vendr\u00e1n de M\u00e9xico y Puerto Rico, donde ya han tenido resultados muy positivos para la restauraci\u00f3n de boxeadores lesionados, en el cual se espera la participaci\u00f3n de m\u00e9dicos dominicanos, ya que es algo novedoso.<\/p>\n<p>Otra capacitaci\u00f3n tiene que ver con el cuidado ante la p\u00e9rdida de masa muscular, especial para aquellos boxeadores que bajan de peso por razones de combates en categor\u00edas menores a las que se han entrenado.<\/p>\n<p>\u201cEn este seminario contaremos con especialistas quiropr\u00e1cticos y farmac\u00f3logos que son los que tienen que ver con esta materia\u201d, dijo Valc\u00e1rcel.<\/p>\n<p>El presidente de la OMB resalt\u00f3 el inter\u00e9s que ha recibido de participar en la convenci\u00f3n de figuras destacadas de pa\u00edses europeos, n\u00f3rdicos, ar\u00e1bigos como Dubai, entre otros de Emiratos \u00c1rabes Unidos y Arabia Saudita.<\/p>\n<p>\u201cEs por esto que queremos fiestas todas las noches con perico ripiao y otros ritmos aut\u00f3ctonos para que los invitados conozcan y disfruten de la m\u00fasica t\u00edpica dominicana\u201d, se\u00f1al\u00f3.<\/p>\n<p>Adem\u00e1s, Valc\u00e1rcel indic\u00f3 que ha invitado a los campeones del boxeo a un torneo de golf, para aprovechar la belleza de los campos de golf de B\u00e1varo.<\/p>\n<p>De su lado, el viceministro de Deportes, Franklin de la Mota, agradeci\u00f3 en nombre del Miderec y del Gobierno dominicano a la OMB escoger el pa\u00eds como sede para esta convenci\u00f3n.<\/p>\n<p>La actividad cont\u00f3 tambi\u00e9n con la presencia de George Herrera, representante de la OMB en el pa\u00eds, y Ram\u00f3n Valdez, comisionado nacional de boxeo.<\/p>\n","protected":false},"excerpt":{"rendered":"<p>SANTO DOMINGO. El presidente de la Organizaci\u00f3n Mundial del Boxeo (OMB), Francisco -Paco- Valc\u00e1rcel, anunci\u00f3 la celebraci\u00f3n en Punta Cana del 9 al 13 de octubre pr\u00f3ximo, del 36 Congreso del organismo internacional, al cual se espera la presencia de importantes figuras de m\u00e1s de 80 pa\u00edses. La informaci\u00f3n fue dada a conocer en rueda [&hellip;]<\/p>\n","protected":false},"author":13,"featured_media":119570,"comment_status":"closed","ping_status":"closed","sticky":false,"template":"","format":"standard","meta":[],"categories":[2,4,60],"tags":[100471],"acf":[],"_links":{"self":[{"href":"https:\/\/colimdo.org\/wp-api\/wp\/v2\/posts\/119569"}],"collection":[{"href":"https:\/\/colimdo.org\/wp-api\/wp\/v2\/posts"}],"about":[{"href":"https:\/\/colimdo.org\/wp-api\/wp\/v2\/types\/post"}],"author":[{"embeddable":true,"href":"https:\/\/colimdo.org\/wp-api\/wp\/v2\/users\/13"}],"replies":[{"embeddable":true,"href":"https:\/\/colimdo.org\/wp-api\/wp\/v2\/comments?post=119569"}],"version-history":[{"count":1,"href":"https:\/\/colimdo.org\/wp-api\/wp\/v2\/posts\/119569\/revisions"}],"predecessor-version":[{"id":119571,"href":"https:\/\/colimdo.org\/wp-api\/wp\/v2\/posts\/119569\/revisions\/119571"}],"wp:featuredmedia":[{"embeddable":true,"href":"https:\/\/colimdo.org\/wp-api\/wp\/v2\/media\/119570"}],"wp:attachment":[{"href":"https:\/\/colimdo.org\/wp-api\/wp\/v2\/media?parent=119569"}],"wp:term":[{"taxonomy":"category","embeddable":true,"href":"https:\/\/colimdo.org\/wp-api\/wp\/v2\/categories?post=119569"},{"taxonomy":"post_tag","embeddable":true,"href":"https:\/\/colimdo.org\/wp-api\/wp\/v2\/tags?post=119569"}],"curies":[{"name":"wp","href":"https:\/\/api.w.org\/{rel}","templated":true}]}}