{"id":119870,"date":"2023-09-29T00:19:29","date_gmt":"2023-09-29T00:19:29","guid":{"rendered":"https:\/\/colimdo.org\/?p=119870"},"modified":"2023-09-29T00:19:37","modified_gmt":"2023-09-29T00:19:37","slug":"walter-benitez-deja-el-banquillo-de-la-sub-20-tras-ciclo-historico","status":"publish","type":"post","link":"https:\/\/colimdo.org\/noticias\/walter-benitez-deja-el-banquillo-de-la-sub-20-tras-ciclo-historico\/","title":{"rendered":"Walter Ben\u00edtez deja\u00a0el banquillo de\u00a0la\u00a0sub-20 tras ciclo hist\u00f3rico\u00a0"},"content":{"rendered":"<p>SANTO DOMINGO.- La Federaci\u00f3n Dominicana de F\u00fatbol\u00a0oficializ\u00f3\u00a0el fin del vinculo que manten\u00eda con el entrenador Walter Ben\u00edtez como seleccionador nacional Sub-20 masculino.<\/p>\n<p>El acuerdo expir\u00f3 tras dos a\u00f1os de vigencia y ambas partes decidieron no darle continuidad. Tanto la federaci\u00f3n como Ben\u00edtez manifiestan su agradecimiento mutuo tras los logros alcanzados, los m\u00e1s importante hasta ahora en la historia del f\u00fatbol nacional.<\/p>\n<p>La Sedof\u00fatbol Sub-20 bajo la tutela de Walter Ben\u00edtez alcanz\u00f3 la clasificaci\u00f3n a la Copa Mundial Sub-20 de la FIFA Argentina 2023 -primera clasificaci\u00f3n mundial para Rep\u00fablica Dominicana en\u00a0cualquier categor\u00eda-, el boleto a los Juegos Ol\u00edmpicos Par\u00eds 2024 -otro hecho in\u00e9dito-, el regreso de Rep\u00fablica Dominicana a los Juegos Centroamericanos y del Caribe San Salvador 2023 -tras 21 a\u00f1os de ausencia y por m\u00e9rito deportivo-.<\/p>\n<p>Adem\u00e1s, durante el premundial de Concacaf de esta categor\u00eda celebrado en Honduras en 2022 la Selecci\u00f3n Dominicana de F\u00fatbol obtuvo su mejor posici\u00f3n en Campeonato de Concacaf alguno tras quedarse con el segundo lugar tras caer en la final ante Estados Unidos.<\/p>\n<p>Los n\u00fameros de Ben\u00edtez al frente de la Sedof\u00fatbol Sub-20 en partidos oficiales son tres: tres ganados, unempate, sin derrotas en la Fase Clasificatoria de Concacaf 2021; luego dos victorias, un empate -ganado por penales- y una derrota en el Campeonato Sub-20 de Concacaf 2022 y tres derrotas en igual n\u00famero de presentaciones durante el Mundial FIFA Sub-20 Argentina 2023.<\/p>\n<p>Rub\u00e9n Garc\u00eda, presidente de la Federaci\u00f3n Dominicana de F\u00fatbol,\u00a0manifest\u00f3\u00a0que \u201cestamos muy agradecidos con\u00a0Walter Ben\u00edtez por su gran disposici\u00f3n, entrega, esfuerzo y por los logros hist\u00f3ricos durante el periplo al frente de\u00a0nuestra Sedof\u00fatbol\u00a0Sub-20, al tiempo que\u00a0esta federaci\u00f3n expresa sus mejores deseos en los retos venideros para quien se convirti\u00f3 en un entrenador que quedar\u00e1 para la historia del f\u00fatbol dominicano\u201d.<\/p>\n<p>Por su parte, Ben\u00edtez expres\u00f3 tambi\u00e9n su agradecimiento. \u201cEs el tiempo de agradecer por el tiempo compartido en la Fedof\u00fatbol. Primero Gracias a Dios porque sin \u00e9l nada de lo que conseguimos con la selecci\u00f3n Sub-20 hubiese sido posible a lo largo de estos dos a\u00f1os, a mi familia\u201d.Adem\u00e1s hizo lo propio con los jugadores y con cada uno de los miembros del cuerpo t\u00e9cnico, especialmente con su primer asistente Mariano P\u00e9rez, \u201cGracias por tu lealtad y profesionalidad\u201d.<\/p>\n<p>\u201cSolo deseo que estos resultados sirvan de impulso y sean nuevamente conseguidos o superados por los que contin\u00faan. Gracias se\u00f1or Rub\u00e9n Garc\u00eda por la oportunidad. Me marcho con el coraz\u00f3n repleto de gratitud a Dios por darnos tanto\u00a1Vamos Dominicana!\u201d, cerr\u00f3 diciendo el entrenador cubano que dej\u00f3 de ser el DT de la Sub-20.<\/p>\n<p>La Fedof\u00fatbol estar\u00e1 anunciando pr\u00f3ximamente al nuevo seleccionador tanto de la Sub-20, como de la Sub-23 que estar\u00e1 participando en los Juegos Panamericanos Santiago de Chile 2023 y los Juegos Ol\u00edmpicos Par\u00eds 2024.<\/p>\n","protected":false},"excerpt":{"rendered":"<p>SANTO DOMINGO.- La Federaci\u00f3n Dominicana de F\u00fatbol\u00a0oficializ\u00f3\u00a0el fin del vinculo que manten\u00eda con el entrenador Walter Ben\u00edtez como seleccionador nacional Sub-20 masculino. El acuerdo expir\u00f3 tras dos a\u00f1os de vigencia y ambas partes decidieron no darle continuidad. Tanto la federaci\u00f3n como Ben\u00edtez manifiestan su agradecimiento mutuo tras los logros alcanzados, los m\u00e1s importante hasta ahora [&hellip;]<\/p>\n","protected":false},"author":13,"featured_media":119871,"comment_status":"closed","ping_status":"closed","sticky":false,"template":"","format":"standard","meta":[],"categories":[3,2,60],"tags":[77],"acf":[],"_links":{"self":[{"href":"https:\/\/colimdo.org\/wp-api\/wp\/v2\/posts\/119870"}],"collection":[{"href":"https:\/\/colimdo.org\/wp-api\/wp\/v2\/posts"}],"about":[{"href":"https:\/\/colimdo.org\/wp-api\/wp\/v2\/types\/post"}],"author":[{"embeddable":true,"href":"https:\/\/colimdo.org\/wp-api\/wp\/v2\/users\/13"}],"replies":[{"embeddable":true,"href":"https:\/\/colimdo.org\/wp-api\/wp\/v2\/comments?post=119870"}],"version-history":[{"count":1,"href":"https:\/\/colimdo.org\/wp-api\/wp\/v2\/posts\/119870\/revisions"}],"predecessor-version":[{"id":119872,"href":"https:\/\/colimdo.org\/wp-api\/wp\/v2\/posts\/119870\/revisions\/119872"}],"wp:featuredmedia":[{"embeddable":true,"href":"https:\/\/colimdo.org\/wp-api\/wp\/v2\/media\/119871"}],"wp:attachment":[{"href":"https:\/\/colimdo.org\/wp-api\/wp\/v2\/media?parent=119870"}],"wp:term":[{"taxonomy":"category","embeddable":true,"href":"https:\/\/colimdo.org\/wp-api\/wp\/v2\/categories?post=119870"},{"taxonomy":"post_tag","embeddable":true,"href":"https:\/\/colimdo.org\/wp-api\/wp\/v2\/tags?post=119870"}],"curies":[{"name":"wp","href":"https:\/\/api.w.org\/{rel}","templated":true}]}}