{"id":120641,"date":"2023-11-13T22:53:05","date_gmt":"2023-11-13T22:53:05","guid":{"rendered":"https:\/\/colimdo.org\/?p=120641"},"modified":"2023-11-13T22:53:18","modified_gmt":"2023-11-13T22:53:18","slug":"sedofutbol-absoluta-prepara-partidos-ante-montserrat-y-nicaragua","status":"publish","type":"post","link":"https:\/\/colimdo.org\/noticias\/sedofutbol-absoluta-prepara-partidos-ante-montserrat-y-nicaragua\/","title":{"rendered":"Sedof\u00fatbol absoluta prepara partidos ante Montserrat y Nicaragua"},"content":{"rendered":"<p>SANTO DOMINGO.- La selecci\u00f3n dominicana de f\u00fatbol entren\u00f3 este lunes por primera vez con un grupo de 13 jugadores en el gramado del Estadio Ol\u00edmpico F\u00e9lix S\u00e1nchez de Santo Domingo bajo las \u00f3rdenes del director t\u00e9cnico Marcelo Neveleff. En el transcurso de la tarde y noche se espera la incorporaci\u00f3n del resto de los convocados para los partidos ante Montserrat y Nicaragua.<\/p>\n<p>Rep\u00fablica Dominicana deber\u00e1 afrontar los \u00faltimos dos partidos de la fase de grupos de la Liga de Naciones de Concacaf 2023 en condici\u00f3n de visitante los d\u00edas 17 de noviembre contra Montserrat en el Blakes Football Complex y el 21 de noviembre ante Nicaragua en el Estadio Nacional.<\/p>\n<p>Miguel Lloyd, Xavier Vald\u00e9z, Lu\u00eds Ismael D\u00edaz, Jean Carlos L\u00f3pez, Dorny Romero, Edarlyn Reyes, Carlos Rossell, Michael Sambataro, Erick Paniagua Japa, Brian L\u00f3pez, \u00c1ngel Yoh\u00e1n Melo, Daniel Leonardo Flores y J\u00e9remy B\u00e1ez ya se incorporaron a la concentraci\u00f3n y estuvieron en el primer entreno.<\/p>\n<p>El itinerario de la Sedof\u00fatbol contempla sesiones de trabajo el martes por la tarde y mi\u00e9rcoles en la ma\u00f1ana en el campo, adem\u00e1s de sesiones de video y las revisiones m\u00e9dicas pertinentes previo y despu\u00e9s de cada jornada de trabajo.<\/p>\n<p>El elenco nacional partir\u00e1 el mi\u00e9rcoles 15 de noviembre en vuelo ch\u00e1rter hacia Antigua a las 2:00 de la tarde, para desde all\u00ed tomar la ruta en ferry hacia Montserrat donde jugar\u00e1 el viernes. El regreso est\u00e1 pautado de la misma manera para el d\u00eda s\u00e1bado, pero con escala en Santo Domingo, luego en Miami para finalmente llegar a Nicaragua en horas de la madrugada el d\u00eda domingo.<\/p>\n<p>Ser\u00e1 una dif\u00edcil traves\u00eda, sin embargo, las esperanzas y el \u00e1nimo est\u00e1n presentes en el conjunto tricolor que aspira lograr la haza\u00f1a de alcanzar el ansiado ascenso a Liga A de Liga de Naciones de Concacaf.<\/p>\n","protected":false},"excerpt":{"rendered":"<p>SANTO DOMINGO.- La selecci\u00f3n dominicana de f\u00fatbol entren\u00f3 este lunes por primera vez con un grupo de 13 jugadores en el gramado del Estadio Ol\u00edmpico F\u00e9lix S\u00e1nchez de Santo Domingo bajo las \u00f3rdenes del director t\u00e9cnico Marcelo Neveleff. En el transcurso de la tarde y noche se espera la incorporaci\u00f3n del resto de los convocados [&hellip;]<\/p>\n","protected":false},"author":13,"featured_media":120642,"comment_status":"closed","ping_status":"closed","sticky":false,"template":"","format":"standard","meta":[],"categories":[3,2,60],"tags":[79775],"acf":[],"_links":{"self":[{"href":"https:\/\/colimdo.org\/wp-api\/wp\/v2\/posts\/120641"}],"collection":[{"href":"https:\/\/colimdo.org\/wp-api\/wp\/v2\/posts"}],"about":[{"href":"https:\/\/colimdo.org\/wp-api\/wp\/v2\/types\/post"}],"author":[{"embeddable":true,"href":"https:\/\/colimdo.org\/wp-api\/wp\/v2\/users\/13"}],"replies":[{"embeddable":true,"href":"https:\/\/colimdo.org\/wp-api\/wp\/v2\/comments?post=120641"}],"version-history":[{"count":1,"href":"https:\/\/colimdo.org\/wp-api\/wp\/v2\/posts\/120641\/revisions"}],"predecessor-version":[{"id":120643,"href":"https:\/\/colimdo.org\/wp-api\/wp\/v2\/posts\/120641\/revisions\/120643"}],"wp:featuredmedia":[{"embeddable":true,"href":"https:\/\/colimdo.org\/wp-api\/wp\/v2\/media\/120642"}],"wp:attachment":[{"href":"https:\/\/colimdo.org\/wp-api\/wp\/v2\/media?parent=120641"}],"wp:term":[{"taxonomy":"category","embeddable":true,"href":"https:\/\/colimdo.org\/wp-api\/wp\/v2\/categories?post=120641"},{"taxonomy":"post_tag","embeddable":true,"href":"https:\/\/colimdo.org\/wp-api\/wp\/v2\/tags?post=120641"}],"curies":[{"name":"wp","href":"https:\/\/api.w.org\/{rel}","templated":true}]}}