{"id":120674,"date":"2023-11-16T20:30:33","date_gmt":"2023-11-16T20:30:33","guid":{"rendered":"https:\/\/colimdo.org\/?p=120674"},"modified":"2023-11-16T20:31:27","modified_gmt":"2023-11-16T20:31:27","slug":"onceno-enfrentara-a-montserrat-este-viernes-por-ascenso-liga-naciones","status":"publish","type":"post","link":"https:\/\/colimdo.org\/noticias\/onceno-enfrentara-a-montserrat-este-viernes-por-ascenso-liga-naciones\/","title":{"rendered":"Onceno enfrentar\u00e1 a Montserrat este viernes por ascenso Liga Naciones"},"content":{"rendered":"<p>SANTO DOMINGO.- El seleccionado nacional de mayores parti\u00f3 este mi\u00e9rcoles rumbo a Montserrat donde enfrentar\u00e1 a los locales el viernes 17 de noviembre a partir de las 5:00 de la tarde -hora dominicana- en el Blakes Football Complex. La Sedof\u00fatbol se entren\u00f3 en horario matutino antes de emprender la dif\u00edcil traves\u00eda en busca del anhelado ascenso en Liga de Naciones de Concacaf.<\/p>\n<p>A primera hora los dirigidos por Marcelo Neveleff desplegaron su \u00faltima sesi\u00f3n de trabajo en el Estadio Ol\u00edmpico F\u00e9lix S\u00e1nchez de Santo Domingo, donde hicieron \u00e9nfasis en los diversos aspectos del juego: Defensivos, presi\u00f3n, recuperaci\u00f3n tras p\u00e9rdida, las transiciones y el ataque.<\/p>\n<p>El elenco nacional despeg\u00f3 en vuelo ch\u00e1rter hacia Antigua a las 2:00 de la tarde, para desde all\u00ed tomar la ruta en ferry hacia Montserrat donde jugar\u00e1 el viernes. Este jueves por la tarde est\u00e1 contemplado el entrenamiento oficial -reconocimiento- en el gramado del estadio donde se disputar\u00e1 el duelo del viernes.<\/p>\n<p>Rep\u00fablica Dominicana deber\u00e1 vencer a Montserrat para llegar con opciones en la \u00faltima fecha de destronar a Nicaragua del primer lugar del grupo y a la postre quedarse con el boleto a la Liga A de la pr\u00f3xima edici\u00f3n de Liga de Naciones de Concacaf.<\/p>\n<p>Si bien es cierto la Sedof\u00fatbol fue contundente contra Montserrat en la segunda fecha de esta fase de grupos al derrotarla 3-0 en el F\u00e9lix S\u00e1nchez, hay que destacar que la \u00faltima vez que se enfrentaron en suelo montserratense la victoria fue para los locales 2-1 el 7 de septiembre de 2019.<\/p>\n<p>El regreso est\u00e1 pautado de la misma manera para el d\u00eda s\u00e1bado, pero con escala en Santo Domingo, luego en Miami para finalmente llegar a Nicaragua en horas de la madrugada el d\u00eda domingo.<\/p>\n<p>Ser\u00e1 una dif\u00edcil traves\u00eda, sin embargo, las esperanzas y el \u00e1nimo est\u00e1n presentes en el conjunto tricolor que aspira lograr la haza\u00f1a de alcanzar el ansiado ascenso a Liga A de Liga de Naciones de Concacaf.<\/p>\n","protected":false},"excerpt":{"rendered":"<p>SANTO DOMINGO.- El seleccionado nacional de mayores parti\u00f3 este mi\u00e9rcoles rumbo a Montserrat donde enfrentar\u00e1 a los locales el viernes 17 de noviembre a partir de las 5:00 de la tarde -hora dominicana- en el Blakes Football Complex. La Sedof\u00fatbol se entren\u00f3 en horario matutino antes de emprender la dif\u00edcil traves\u00eda en busca del anhelado [&hellip;]<\/p>\n","protected":false},"author":13,"featured_media":120675,"comment_status":"closed","ping_status":"closed","sticky":false,"template":"","format":"standard","meta":[],"categories":[3,2,60],"tags":[77],"acf":[],"_links":{"self":[{"href":"https:\/\/colimdo.org\/wp-api\/wp\/v2\/posts\/120674"}],"collection":[{"href":"https:\/\/colimdo.org\/wp-api\/wp\/v2\/posts"}],"about":[{"href":"https:\/\/colimdo.org\/wp-api\/wp\/v2\/types\/post"}],"author":[{"embeddable":true,"href":"https:\/\/colimdo.org\/wp-api\/wp\/v2\/users\/13"}],"replies":[{"embeddable":true,"href":"https:\/\/colimdo.org\/wp-api\/wp\/v2\/comments?post=120674"}],"version-history":[{"count":1,"href":"https:\/\/colimdo.org\/wp-api\/wp\/v2\/posts\/120674\/revisions"}],"predecessor-version":[{"id":120676,"href":"https:\/\/colimdo.org\/wp-api\/wp\/v2\/posts\/120674\/revisions\/120676"}],"wp:featuredmedia":[{"embeddable":true,"href":"https:\/\/colimdo.org\/wp-api\/wp\/v2\/media\/120675"}],"wp:attachment":[{"href":"https:\/\/colimdo.org\/wp-api\/wp\/v2\/media?parent=120674"}],"wp:term":[{"taxonomy":"category","embeddable":true,"href":"https:\/\/colimdo.org\/wp-api\/wp\/v2\/categories?post=120674"},{"taxonomy":"post_tag","embeddable":true,"href":"https:\/\/colimdo.org\/wp-api\/wp\/v2\/tags?post=120674"}],"curies":[{"name":"wp","href":"https:\/\/api.w.org\/{rel}","templated":true}]}}