{"id":120781,"date":"2023-11-25T01:11:19","date_gmt":"2023-11-25T01:11:19","guid":{"rendered":"https:\/\/colimdo.org\/?p=120781"},"modified":"2023-11-25T01:11:30","modified_gmt":"2023-11-25T01:11:30","slug":"temporada-2024-de-la-super-liga-lnb-iniciara-el-4-de-junio","status":"publish","type":"post","link":"https:\/\/colimdo.org\/noticias\/temporada-2024-de-la-super-liga-lnb-iniciara-el-4-de-junio\/","title":{"rendered":"Temporada 2024 de La S\u00faper Liga LNB iniciar\u00e1 el 4 de junio"},"content":{"rendered":"<p>SANTO DOMINGO.-\u00a0El Comit\u00e9 Ejecutivo de Liga Nacional de Baloncesto (LNB) fij\u00f3 para el d\u00eda 4 de junio el inicio de la temporada 2024 de La S\u00faper Liga, en la que volver\u00e1 a disputarse la Copa Banreservas.<\/p>\n<p>Antonio Mir, presidente de la LNB, resalt\u00f3 que se est\u00e1n dando los toques finales al calendario de juego y que ser\u00e1 revelado m\u00e1s adelante. Indic\u00f3 que el torneo se extender\u00e1 hasta principios de septiembre, con el desarrollo de la gran final.<\/p>\n<p>Tambi\u00e9n adelant\u00f3 que La S\u00faper Liga regresar\u00e1 con un formato que incluir\u00e1 la fase de eliminaci\u00f3n y que la gran final se mantendr\u00e1 al mejor de siete compromisos.<\/p>\n<p>La S\u00faper Liga de la LNB cerr\u00f3 su torneo con un gran flujo de fan\u00e1ticos en las instalaciones donde se jug\u00f3 la postemporada, especialmente en el polideportivo de San Crist\u00f3bal, en el Palacio de los Deportes Fernando Teruel de La Vega y en el pabell\u00f3n Mario Ortega de San Francisco de Macor\u00eds, canchas que registraron un lleno frecuente.<\/p>\n<p>El torneo 2023 de La S\u00faper Liga fue ganado por los Reales de La Vega, en una serie contra los Titanes del Distrito Nacional que se fue al m\u00e1ximo de siete partidos y que tuvo a Gelvis Solano como Jugador M\u00e1s Valioso.<\/p>\n<p>Las transmisiones de streaming en el canal de YouTube\u00a0(LNBRDTV)\u00a0alcanzaron cifras impresionantes, resaltando los m\u00e1s de 143,000 que se conectaron para ver el juego que defini\u00f3 La S\u00faper Liga 2023 y los 112,000 del juego anterior.<\/p>\n<p>Adem\u00e1s de los Reales y los Titanes, en La S\u00faper Liga participar\u00e1n los Indios de San Francisco de Macor\u00eds, Leones de Santo Domingo, Metros de Santiago, Soles de Santo Domingo Este, Marineros de Puerto Plata y Ca\u00f1eros del Este.<\/p>\n<p>&nbsp;<\/p>\n","protected":false},"excerpt":{"rendered":"<p>SANTO DOMINGO.-\u00a0El Comit\u00e9 Ejecutivo de Liga Nacional de Baloncesto (LNB) fij\u00f3 para el d\u00eda 4 de junio el inicio de la temporada 2024 de La S\u00faper Liga, en la que volver\u00e1 a disputarse la Copa Banreservas. Antonio Mir, presidente de la LNB, resalt\u00f3 que se est\u00e1n dando los toques finales al calendario de juego y [&hellip;]<\/p>\n","protected":false},"author":13,"featured_media":120782,"comment_status":"closed","ping_status":"closed","sticky":false,"template":"","format":"standard","meta":[],"categories":[83143,2,60],"tags":[79887],"acf":[],"_links":{"self":[{"href":"https:\/\/colimdo.org\/wp-api\/wp\/v2\/posts\/120781"}],"collection":[{"href":"https:\/\/colimdo.org\/wp-api\/wp\/v2\/posts"}],"about":[{"href":"https:\/\/colimdo.org\/wp-api\/wp\/v2\/types\/post"}],"author":[{"embeddable":true,"href":"https:\/\/colimdo.org\/wp-api\/wp\/v2\/users\/13"}],"replies":[{"embeddable":true,"href":"https:\/\/colimdo.org\/wp-api\/wp\/v2\/comments?post=120781"}],"version-history":[{"count":1,"href":"https:\/\/colimdo.org\/wp-api\/wp\/v2\/posts\/120781\/revisions"}],"predecessor-version":[{"id":120783,"href":"https:\/\/colimdo.org\/wp-api\/wp\/v2\/posts\/120781\/revisions\/120783"}],"wp:featuredmedia":[{"embeddable":true,"href":"https:\/\/colimdo.org\/wp-api\/wp\/v2\/media\/120782"}],"wp:attachment":[{"href":"https:\/\/colimdo.org\/wp-api\/wp\/v2\/media?parent=120781"}],"wp:term":[{"taxonomy":"category","embeddable":true,"href":"https:\/\/colimdo.org\/wp-api\/wp\/v2\/categories?post=120781"},{"taxonomy":"post_tag","embeddable":true,"href":"https:\/\/colimdo.org\/wp-api\/wp\/v2\/tags?post=120781"}],"curies":[{"name":"wp","href":"https:\/\/api.w.org\/{rel}","templated":true}]}}