{"id":120914,"date":"2023-11-30T17:45:54","date_gmt":"2023-11-30T17:45:54","guid":{"rendered":"https:\/\/colimdo.org\/?p=120914"},"modified":"2023-12-01T01:31:31","modified_gmt":"2023-12-01T01:31:31","slug":"cod-miderec-y-embajada-de-francia-programan-actividades-rumbo-a-paris","status":"publish","type":"post","link":"https:\/\/colimdo.org\/noticias\/cod-miderec-y-embajada-de-francia-programan-actividades-rumbo-a-paris\/","title":{"rendered":"COD, Miderec y Embajada de Francia programan actividades rumbo a Par\u00eds"},"content":{"rendered":"<p><strong>SANTO DOMINGO<\/strong>.\u00a0El Gobierno de Francia, a trav\u00e9s de su embajada en el pa\u00eds, el Comit\u00e9 Ol\u00edmpico Dominicano (COD) y el Ministerio de Deportes (Miderec) ejecutar\u00e1n un amplio programa de actividades previo a la celebraci\u00f3n de los pr\u00f3ximos Juegos Ol\u00edmpicos de Par\u00eds 2024.<\/p>\n<p>Brigitte Veyne, Consejera de Cooperaci\u00f3n y Acci\u00f3n Cultural de la Embajada de Francia en la Rep\u00fablica Dominicana, y el presidente del COD, ingeniero Garibaldy Bautista, trazaron las pautas para desarrollar una serie de actividades que ir\u00e1n en beneficio de los atletas que representar\u00e1n al pa\u00eds en la cita ol\u00edmpica de 2024.<\/p>\n<p>\u201cHemos coordinado una serie de actividades que permitir\u00e1n promover entre ambos pa\u00edses la celebraci\u00f3n de los Juegos Ol\u00edmpicos del pr\u00f3ximo a\u00f1o\u201d, manifest\u00f3 la diplom\u00e1tica del gobierno franc\u00e9s durante la visita el mi\u00e9rcoles a la sede del COD.<\/p>\n<p>Veyne indic\u00f3 que, desde la embajada, se apoyar\u00e1 toda iniciativa que favorezca la pr\u00e1ctica deportiva, as\u00ed como tambi\u00e9n dar la mayor de las facilidades para que los atletas que logren su clasificaci\u00f3n a los Juegos Ol\u00edmpicos puedan prepararse, as\u00ed como dar facilidades para el visado y otros requisitos que se requieran.<\/p>\n<p>El ingeniero Bautista, de su lado, agradeci\u00f3 las intenciones que tiene Francia, a trav\u00e9s de su consulado, y asegur\u00f3 que el COD tiene todas las intenciones de respaldar las actividades deportivas y culturales que tiene en agenda esa naci\u00f3n para llevar a cabo en suelo dominicano.<\/p>\n<p>\u201cAgradezco la disposici\u00f3n del gobierno de Francia, de ofrecer apoyo a pa\u00edses como el nuestro.\u00a0Los atletas dominicanos est\u00e1n a su disposici\u00f3n para que juntos podamos realizar unos grandes juegos\u201d, dijo el titular del COD.<\/p>\n<p>Entre las actividades a llevar a cabo, la\u00a0\u00a0diplom\u00e1tica cit\u00f3 encuentros de capacitaci\u00f3n, seminarios, as\u00ed como integraci\u00f3n de los actuales atletas y ex deportistas ol\u00edmpicos a los fines de crear un ambiente de hermandad.<\/p>\n<p>Veyne tambi\u00e9n se comprometi\u00f3 a colaborar con el COD en la celebraci\u00f3n del D\u00eda Ol\u00edmpico y otras actividades que favorezcan la promoci\u00f3n de la cultura y el deporte a nivel nacional.<\/p>\n<p>En el encuentro tambi\u00e9n estuvo el ingeniero Miguel Camacho, jefe de misi\u00f3n de la delegaci\u00f3n dominicana para los Juegos Ol\u00edmpicos, quien resalt\u00f3 que se ha estado trabajando en la conformaci\u00f3n de la representaci\u00f3n que ir\u00e1 a la cita multideportiva.<\/p>\n<p>\u201cEsta es la segunda reuni\u00f3n y estamos bien encaminados a poner en marcha una serie de actividades de promoci\u00f3n previo a este gran evento\u201d, asegur\u00f3 Camacho.<\/p>\n<p>Mientras, Sabrina Sander, agregada de servicio consular, dijo que desde ya se est\u00e1 trabajando en los visados de los atletas clasificados, como los equipos de voleibol femenino y f\u00fatbol, as\u00ed como de atletismo y boxeo.<\/p>\n<p>Sander mostr\u00f3 su mayor disposici\u00f3n de colaborar y dar las mejores facilidades para que la delegaci\u00f3n quisqueyana pueda asistir a la cita ol\u00edmpica sin contratiempos.<\/p>\n<p>Por la embajada de Francia, adem\u00e1s de Veyne y Sander, estuvieron adem\u00e1s Phillippe Casenave, vicec\u00f3nsul; Raysa Fostier, asistente de cooperaci\u00f3n, y Cecilia Pasquier, encargada de comunicaciones, mientras que por la Alianza Francesa de Santo Domingo, Ivanne Girard, directora, y Carmenchi G\u00f3mez, del servicio de comunicaci\u00f3n.<\/p>\n<p>Yazid Kelmel y Virginie Doucet se dieron cita en representaci\u00f3n del Liceo Franc\u00e9s.<\/p>\n<p>El ingeniero Bautista se hizo acompa\u00f1ar por Luis Chanlatte, Jos\u00e9 Mera y Radam\u00e9s Tavarez, miembros del comit\u00e9 ejecutivo, y Pedro Julio Quezada, director de la Academia Ol\u00edmpica.<\/p>\n","protected":false},"excerpt":{"rendered":"<p>SANTO DOMINGO.\u00a0El Gobierno de Francia, a trav\u00e9s de su embajada en el pa\u00eds, el Comit\u00e9 Ol\u00edmpico Dominicano (COD) y el Ministerio de Deportes (Miderec) ejecutar\u00e1n un amplio programa de actividades previo a la celebraci\u00f3n de los pr\u00f3ximos Juegos Ol\u00edmpicos de Par\u00eds 2024. Brigitte Veyne, Consejera de Cooperaci\u00f3n y Acci\u00f3n Cultural de la Embajada de Francia [&hellip;]<\/p>\n","protected":false},"author":13,"featured_media":120915,"comment_status":"closed","ping_status":"closed","sticky":false,"template":"","format":"standard","meta":[],"categories":[39879,2,60],"tags":[79],"acf":[],"_links":{"self":[{"href":"https:\/\/colimdo.org\/wp-api\/wp\/v2\/posts\/120914"}],"collection":[{"href":"https:\/\/colimdo.org\/wp-api\/wp\/v2\/posts"}],"about":[{"href":"https:\/\/colimdo.org\/wp-api\/wp\/v2\/types\/post"}],"author":[{"embeddable":true,"href":"https:\/\/colimdo.org\/wp-api\/wp\/v2\/users\/13"}],"replies":[{"embeddable":true,"href":"https:\/\/colimdo.org\/wp-api\/wp\/v2\/comments?post=120914"}],"version-history":[{"count":1,"href":"https:\/\/colimdo.org\/wp-api\/wp\/v2\/posts\/120914\/revisions"}],"predecessor-version":[{"id":120916,"href":"https:\/\/colimdo.org\/wp-api\/wp\/v2\/posts\/120914\/revisions\/120916"}],"wp:featuredmedia":[{"embeddable":true,"href":"https:\/\/colimdo.org\/wp-api\/wp\/v2\/media\/120915"}],"wp:attachment":[{"href":"https:\/\/colimdo.org\/wp-api\/wp\/v2\/media?parent=120914"}],"wp:term":[{"taxonomy":"category","embeddable":true,"href":"https:\/\/colimdo.org\/wp-api\/wp\/v2\/categories?post=120914"},{"taxonomy":"post_tag","embeddable":true,"href":"https:\/\/colimdo.org\/wp-api\/wp\/v2\/tags?post=120914"}],"curies":[{"name":"wp","href":"https:\/\/api.w.org\/{rel}","templated":true}]}}