{"id":121026,"date":"2023-12-07T01:31:25","date_gmt":"2023-12-07T01:31:25","guid":{"rendered":"https:\/\/colimdo.org\/?p=121026"},"modified":"2023-12-07T01:31:32","modified_gmt":"2023-12-07T01:31:32","slug":"los-sordos-celebraran-su-torneo-de-baloncesto-este-domingo","status":"publish","type":"post","link":"https:\/\/colimdo.org\/noticias\/los-sordos-celebraran-su-torneo-de-baloncesto-este-domingo\/","title":{"rendered":"Los sordos celebrar\u00e1n su torneo de baloncesto este domingo"},"content":{"rendered":"<p><strong>SANTO DOMINGO<\/strong>. La s\u00e9ptima edici\u00f3n del Torneo de Baloncesto para Sordos ser\u00e1 realizada el pr\u00f3ximo domingo en el polideportivo del Club San Carlos con la participaci\u00f3n de cuatro equipos.<\/p>\n<p>El anuncio lo hizo Alan Jesurum, secretario de la Asociaci\u00f3n Nacional de Sordos de la Rep\u00fablica Dominicana (ANSORDO) y miembro de su Comit\u00e9 de Deportes, quien resalt\u00f3 la importancia de la justa.<\/p>\n<p>Inform\u00f3 que en el evento \u00a0participar\u00e1n conjuntos representativos de Santo Domingo, Santiago, San Crist\u00f3bal y Bonao.<\/p>\n<p>&#8220;Este es un tiempo para abrir el grifo de la empat\u00eda y llenar el vaso de la solidaridad&#8221;, reza la frase inspiradora del certamen.<\/p>\n<p>Jesurum manifest\u00f3 que les ha cursado invitaciones al Jefe de Estado, Luis Abinador; al ministro Administrativo de la Presidencia, Jos\u00e9 Ignacio Paliza, y al ministro de la Presidencia, Joel Santos, y al director de la Polic\u00eda Nacional, general Ram\u00f3n Peralta.<\/p>\n<p>De igual forma, al ministro de Deportes, Francisco Camacho: al viceministro Administrativo de esa instituci\u00f3n, Franklin de la Mota, as\u00ed como al director de Deportes para Todos, Evaristo Per\u00e9z, as\u00ed como a los diputados Omar Fern\u00e1ndez, Tob\u00edas Crespo y Jes\u00fas Ogando.<\/p>\n<p>Igualmente, a Rafael Uribe, presidente de la Federaci\u00f3n Dominicana de Baloncesto (FEDOMBAL); al titular de la\u00a0 C\u00e1mara de Diputados, Alfredo Pacheco; \u00a0a la alcaldesa Carolina Mej\u00eda, y al presidente de ANSORDO, Pablo Taveras.<\/p>\n<p>Surum resalt\u00f3 el entusiasmo reinante y el buen nivel t\u00e9cnico de los cuatro equipos que accionar\u00e1n en el torneo.<\/p>\n<p>Manifest\u00f3 que todos los cabos est\u00e1n atados para que el mismo se celebre con el \u00e9xito concebido.<\/p>\n<p>&nbsp;<\/p>\n<p>&nbsp;<\/p>\n","protected":false},"excerpt":{"rendered":"<p>SANTO DOMINGO. La s\u00e9ptima edici\u00f3n del Torneo de Baloncesto para Sordos ser\u00e1 realizada el pr\u00f3ximo domingo en el polideportivo del Club San Carlos con la participaci\u00f3n de cuatro equipos. El anuncio lo hizo Alan Jesurum, secretario de la Asociaci\u00f3n Nacional de Sordos de la Rep\u00fablica Dominicana (ANSORDO) y miembro de su Comit\u00e9 de Deportes, quien [&hellip;]<\/p>\n","protected":false},"author":13,"featured_media":121027,"comment_status":"closed","ping_status":"closed","sticky":false,"template":"","format":"standard","meta":[],"categories":[83143,2,60],"tags":[24795],"acf":[],"_links":{"self":[{"href":"https:\/\/colimdo.org\/wp-api\/wp\/v2\/posts\/121026"}],"collection":[{"href":"https:\/\/colimdo.org\/wp-api\/wp\/v2\/posts"}],"about":[{"href":"https:\/\/colimdo.org\/wp-api\/wp\/v2\/types\/post"}],"author":[{"embeddable":true,"href":"https:\/\/colimdo.org\/wp-api\/wp\/v2\/users\/13"}],"replies":[{"embeddable":true,"href":"https:\/\/colimdo.org\/wp-api\/wp\/v2\/comments?post=121026"}],"version-history":[{"count":1,"href":"https:\/\/colimdo.org\/wp-api\/wp\/v2\/posts\/121026\/revisions"}],"predecessor-version":[{"id":121028,"href":"https:\/\/colimdo.org\/wp-api\/wp\/v2\/posts\/121026\/revisions\/121028"}],"wp:featuredmedia":[{"embeddable":true,"href":"https:\/\/colimdo.org\/wp-api\/wp\/v2\/media\/121027"}],"wp:attachment":[{"href":"https:\/\/colimdo.org\/wp-api\/wp\/v2\/media?parent=121026"}],"wp:term":[{"taxonomy":"category","embeddable":true,"href":"https:\/\/colimdo.org\/wp-api\/wp\/v2\/categories?post=121026"},{"taxonomy":"post_tag","embeddable":true,"href":"https:\/\/colimdo.org\/wp-api\/wp\/v2\/tags?post=121026"}],"curies":[{"name":"wp","href":"https:\/\/api.w.org\/{rel}","templated":true}]}}