{"id":121583,"date":"2024-01-13T00:53:42","date_gmt":"2024-01-13T00:53:42","guid":{"rendered":"https:\/\/colimdo.org\/?p=121583"},"modified":"2024-01-13T00:53:51","modified_gmt":"2024-01-13T00:53:51","slug":"pabellon-fama-honrara-este-domingo-a-deportistas-en-ceremonial","status":"publish","type":"post","link":"https:\/\/colimdo.org\/noticias\/pabellon-fama-honrara-este-domingo-a-deportistas-en-ceremonial\/","title":{"rendered":"Pabell\u00f3n Fama honrar\u00e1 este domingo a deportistas en ceremonial"},"content":{"rendered":"<p>SANTO DOMINGO. Joselito Ramos, Armando Ben\u00edtez, Jualian Heredia, Robert Jim\u00e9nez, Dionisio Gustavo, Adrian Beltr\u00e9, Eliseo Gonz\u00e1lez, Leo Corpor\u00e1n, Brenda Corrie, Lariza D\u00edaz, Br\u00edgida P\u00e9rez y Isaac Ogando vivir\u00e1n este domingo 14 de enero el d\u00eda m\u00e1s trascendental de sus vidas cuando el Pabell\u00f3n de la Fama del Deporte Dominicano haga oficial su condici\u00f3n de inmortales.<\/p>\n<p>Los 12 deportistas ser\u00e1n inmortalizados en el marco de la tradicional solemne ceremonia de exaltaci\u00f3n programada para iniciar a las 10:00 de la ma\u00f1ana en el auditorio del Pabell\u00f3n de la Fama, del Centro Ol\u00edmpico Juan Pablo Duarte.<\/p>\n<p>Escalar\u00e1n el \u00faltimo pin\u00e1culo de sus carreras deportivas durante un ceremonial dedicado a la estrella mundial y ol\u00edmpica del atletismo, Marileidy Paulino, quien ser\u00e1 honrada por el Pabell\u00f3n junto a otra luminaria de la gimnasia universal como Audrys Nin Reyes.<\/p>\n<p>Encabezando la actividad en la mesa de exaltaci\u00f3n estar\u00e1n el empresario y pol\u00edtico Francisco Jos\u00e9 -Cuqui- Torres \u00c1lvarez, designado como Presidente de Honor; el presidente del Pabell\u00f3n de la Fama, doctor Dionisio Guzm\u00e1n y el secretario de la instituci\u00f3n, Rafael Damir\u00f3n.<\/p>\n<p>Los elegidos para ser inmortalizados en el 2023 debieron ser exaltados el domingo 19 de noviembre, pero la ceremonia fue pospuesta por los eventos atmosf\u00e9ricos y \u00a0del d\u00eda anterior que cobraron vidas humanas en la capital, por el desprendimiento de una pared del paso a desnivel de avenida 27 de Febrero con M\u00e1ximo G\u00f3mez, lo que llev\u00f3 al gobierno a prohibir por decreto los eventos cerrados y al aire libre de los d\u00edas siguientes.<\/p>\n<p>En la Clase Inmortal 2023, los deportes que protagonizar\u00e1n el ceremonial son atletismo, con el paral\u00edmpico Robert Jim\u00e9nez; b\u00e9isbol, con Adrian Beltr\u00e9, Armando Ben\u00edtez y Juli\u00e1n -Satan\u00e1s- Heredia; golf, Brenda Corrie; baloncesto, Lariza D\u00edaz; ajedrez, Eliseo Gonz\u00e1lez; karate, Dionicio Gustavo; softbol, Joselito Ramos y tenis de mesa, con Br\u00edgida P\u00e9rez.<\/p>\n<p>Completan el listado de 12 los deportistas Isaac Ogando y Leonardo de Jes\u00fas Heredia Castillo y\/o Leo Corpor\u00e1n, \u00a0elegidos este a\u00f1o para ingresar en calidad de propulsores.<\/p>\n<p>Con los exaltados de este a\u00f1o aumentar\u00e1 a 429 el total de inmortales, entre atletas y propulsores. Los actua<\/p>\n<p><strong>Medallistas de Chile portar\u00e1n los s\u00edmbolos<\/strong><\/p>\n<p>Niverka Marte, armadora de la selecci\u00f3n nacional de voleibol, ser\u00e1 la abandera nacional y el lienzo del Pabell\u00f3n de la Fama ser\u00e1 portado por Jos\u00e9 Alnardo Gonz\u00e1lez, de la disciplina de campo y pista.<\/p>\n<p>Los porta insignias ser\u00e1n la pesista Dahiana Ortiz y el boxeador Yunior Alc\u00e1ntara, quienes llevar\u00e1n el Laurel y el Machete, respectivamente.<\/p>\n<p>Los cuatro deportistas reci\u00e9n ganaron medallas de oro en los Juegos Panamericanos de Chile. Gonz\u00e1lez conquist\u00f3 \u00a0oro y plata en 100 y 200 metros, sucesivamente; Alc\u00e1ntara fue el monarca en los 51 kilogramos y Ortiz rein\u00f3 en los 49 kg.<\/p>\n<p>Tambi\u00e9n en Chile, Marileidy obtuvo dos oros, plata y bronce en Chile, mientras que Bnin fue el campe\u00f3n en salto del potro y clasific\u00f3 a los Juegos Ol\u00edmpicos del Par\u00eds 2024.<\/p>\n<p><strong>Edecanes de los exaltados<\/strong><\/p>\n<p>Isaag Ogando tendr\u00e1 como edec\u00e1n a la atleta Disnansi Polanco, Leo Corpor\u00e1n a su hijo C\u00e9sar Heredia Guerra, Juli\u00e1n Heredia con Martina Heredia (hermana), Adrian Beltr\u00e9 desfilar\u00e1 con Bienvenido Beltr\u00e9 Encarnaci\u00f3n; Brenda Corrie junto al golfista profesional Willy Pumarol y Eliseo Gonz\u00e1lez con su v\u00e1stago David Alberto Gonz\u00e1lez.<\/p>\n<p>Asimismo, Robert Jim\u00e9nez tendr\u00e1 de edec\u00e1n al presidente de la Federaci\u00f3n de Atletismo, Gerardo Suero Correa; Lariza D\u00edaz lleva al empresario Ricardo Barcel\u00f3; Armando Ben\u00edtez se har\u00e1 acompa\u00f1ar del ex lanzador profesional Santos Alcal\u00e1, Dionicio Gustavo de su esposa Jacuqeline Factos; Br\u00edgida P\u00e9rez desfilar\u00e1 con su amiga Liza Marcano y Joselito Ramos con su hermana Maritza.<\/p>\n","protected":false},"excerpt":{"rendered":"<p>SANTO DOMINGO. Joselito Ramos, Armando Ben\u00edtez, Jualian Heredia, Robert Jim\u00e9nez, Dionisio Gustavo, Adrian Beltr\u00e9, Eliseo Gonz\u00e1lez, Leo Corpor\u00e1n, Brenda Corrie, Lariza D\u00edaz, Br\u00edgida P\u00e9rez y Isaac Ogando vivir\u00e1n este domingo 14 de enero el d\u00eda m\u00e1s trascendental de sus vidas cuando el Pabell\u00f3n de la Fama del Deporte Dominicano haga oficial su condici\u00f3n de inmortales. [&hellip;]<\/p>\n","protected":false},"author":13,"featured_media":121584,"comment_status":"closed","ping_status":"closed","sticky":false,"template":"","format":"standard","meta":[],"categories":[83143,2,60],"tags":[80971],"acf":[],"_links":{"self":[{"href":"https:\/\/colimdo.org\/wp-api\/wp\/v2\/posts\/121583"}],"collection":[{"href":"https:\/\/colimdo.org\/wp-api\/wp\/v2\/posts"}],"about":[{"href":"https:\/\/colimdo.org\/wp-api\/wp\/v2\/types\/post"}],"author":[{"embeddable":true,"href":"https:\/\/colimdo.org\/wp-api\/wp\/v2\/users\/13"}],"replies":[{"embeddable":true,"href":"https:\/\/colimdo.org\/wp-api\/wp\/v2\/comments?post=121583"}],"version-history":[{"count":1,"href":"https:\/\/colimdo.org\/wp-api\/wp\/v2\/posts\/121583\/revisions"}],"predecessor-version":[{"id":121585,"href":"https:\/\/colimdo.org\/wp-api\/wp\/v2\/posts\/121583\/revisions\/121585"}],"wp:featuredmedia":[{"embeddable":true,"href":"https:\/\/colimdo.org\/wp-api\/wp\/v2\/media\/121584"}],"wp:attachment":[{"href":"https:\/\/colimdo.org\/wp-api\/wp\/v2\/media?parent=121583"}],"wp:term":[{"taxonomy":"category","embeddable":true,"href":"https:\/\/colimdo.org\/wp-api\/wp\/v2\/categories?post=121583"},{"taxonomy":"post_tag","embeddable":true,"href":"https:\/\/colimdo.org\/wp-api\/wp\/v2\/tags?post=121583"}],"curies":[{"name":"wp","href":"https:\/\/api.w.org\/{rel}","templated":true}]}}