{"id":121845,"date":"2024-01-29T15:53:57","date_gmt":"2024-01-29T15:53:57","guid":{"rendered":"https:\/\/colimdo.org\/?p=121845"},"modified":"2024-01-29T15:54:10","modified_gmt":"2024-01-29T15:54:10","slug":"ricky-rubio-se-entrenara-con-el-barcelona","status":"publish","type":"post","link":"https:\/\/colimdo.org\/titulares\/ricky-rubio-se-entrenara-con-el-barcelona\/","title":{"rendered":"Ricky Rubio se entrenar\u00e1 con el Barcelona"},"content":{"rendered":"<p>(Reuters) &#8211; El exbase de la NBA Ricky Rubio\u00a0entrenar\u00e1 con el Barcelona a partir del martes, inform\u00f3 este lunes el club catal\u00e1n, mientras el espa\u00f1ol se prepara para volver a las canchas de baloncesto tras anunciar que entra en la fase final de su recuperaci\u00f3n de salud mental.<\/p>\n<p>Rubio, que se perdi\u00f3 la mayor parte de las temporadas 2021-22 y 2022-23 con los Cleveland Cavaliers recuper\u00e1ndose de una rotura del ligamento cruzado anterior, se retir\u00f3 de la NBA a principios de enero despu\u00e9s de que en agosto abandonara la franquicia para concentrarse en su salud mental.<\/p>\n<p>&#8220;Llevo unas semanas d\u00e1ndole vueltas y, tras otras tantas trabajando mente y cuerpo, me veo con ganas y fuerzas de ver c\u00f3mo reacciono con un bal\u00f3n en mis manos&#8221;, dijo Rubio, de 33 a\u00f1os, en una publicaci\u00f3n en la red social X.<\/p>\n<p>&#8220;Mi siguiente paso ha sido pedir al FC Barcelona si podr\u00eda, sin ning\u00fan compromiso y sin interrumpir sus planes para la temporada, entrenar con ellos&#8221;.<\/p>\n<p>Nacido en El Masnou, en la provincia de Barcelona, Rubio jug\u00f3 140 partidos oficiales con el Bar\u00e7a entre 2009 y 2011, ayud\u00e1ndole a conquistar dos Copas del Rey, una Liga y una Euroliga.<\/p>\n<p>&nbsp;<\/p>\n","protected":false},"excerpt":{"rendered":"<p>(Reuters) &#8211; El exbase de la NBA Ricky Rubio\u00a0entrenar\u00e1 con el Barcelona a partir del martes, inform\u00f3 este lunes el club catal\u00e1n, mientras el espa\u00f1ol se prepara para volver a las canchas de baloncesto tras anunciar que entra en la fase final de su recuperaci\u00f3n de salud mental. Rubio, que se perdi\u00f3 la mayor parte [&hellip;]<\/p>\n","protected":false},"author":13,"featured_media":0,"comment_status":"closed","ping_status":"closed","sticky":false,"template":"","format":"standard","meta":[],"categories":[64,60],"tags":[24795],"acf":[],"_links":{"self":[{"href":"https:\/\/colimdo.org\/wp-api\/wp\/v2\/posts\/121845"}],"collection":[{"href":"https:\/\/colimdo.org\/wp-api\/wp\/v2\/posts"}],"about":[{"href":"https:\/\/colimdo.org\/wp-api\/wp\/v2\/types\/post"}],"author":[{"embeddable":true,"href":"https:\/\/colimdo.org\/wp-api\/wp\/v2\/users\/13"}],"replies":[{"embeddable":true,"href":"https:\/\/colimdo.org\/wp-api\/wp\/v2\/comments?post=121845"}],"version-history":[{"count":1,"href":"https:\/\/colimdo.org\/wp-api\/wp\/v2\/posts\/121845\/revisions"}],"predecessor-version":[{"id":121846,"href":"https:\/\/colimdo.org\/wp-api\/wp\/v2\/posts\/121845\/revisions\/121846"}],"wp:attachment":[{"href":"https:\/\/colimdo.org\/wp-api\/wp\/v2\/media?parent=121845"}],"wp:term":[{"taxonomy":"category","embeddable":true,"href":"https:\/\/colimdo.org\/wp-api\/wp\/v2\/categories?post=121845"},{"taxonomy":"post_tag","embeddable":true,"href":"https:\/\/colimdo.org\/wp-api\/wp\/v2\/tags?post=121845"}],"curies":[{"name":"wp","href":"https:\/\/api.w.org\/{rel}","templated":true}]}}