{"id":122099,"date":"2024-02-15T00:32:01","date_gmt":"2024-02-15T00:32:01","guid":{"rendered":"https:\/\/colimdo.org\/?p=122099"},"modified":"2024-02-15T00:32:07","modified_gmt":"2024-02-15T00:32:07","slug":"equipo-basket-inicia-este-jueves-practicas-para-juego-ante-mexico","status":"publish","type":"post","link":"https:\/\/colimdo.org\/noticias\/equipo-basket-inicia-este-jueves-practicas-para-juego-ante-mexico\/","title":{"rendered":"Equipo basket inicia este jueves pr\u00e1cticas para juego ante M\u00e9xico"},"content":{"rendered":"<p>SANTO DOMINGO. La Federaci\u00f3n Dominicana de Baloncesto (Fedombal) anunci\u00f3 que este jueves el equipo nacional de mayores dar\u00e1 inicio a la etapa de preparaci\u00f3n para su enfrentamiento ante M\u00e9xico, en la primera ventana clasificatoria del FIBA AmeriCup 2025.<\/p>\n<p>La escuadra quisqueyana se enfrentar\u00e1 a los aztecas el viernes 23 de este mes de febrero, a las 8:10 de la noche, en el Palacio de los Deportes Virgilio Travieso Soto, en Santo Domingo.<\/p>\n<p>David D\u00edaz, dirigente titular del combinado quisqueyano, estar\u00e1 al frente de los entrenamientos que se desarrollar\u00e1n a partir de las 5:00 de la tarde de este jueves en la casa de Don Virgilio Travieso Soto, y seguir\u00e1n el viernes a la misma hora e igual sede.<\/p>\n<p>A D\u00edaz le acompa\u00f1ar\u00e1n los integrantes de su cuerpo t\u00e9cnico como lo son Abraham Disla, Julio Duquela, Jonathan Matos, Jos\u00e9 Santos Ceballos, Eliezer Luvin y el preparador f\u00edsico Josu\u00e9 D\u00edaz (Rilling).<\/p>\n<p>Ese cuerpo t\u00e9cnico representa a los entrenadores de diferentes regiones del pa\u00eds como lo son D\u00edaz, de San Francisco de Macor\u00eds; Disla, de San Crist\u00f3bal; Luvin, de Cuba; Duquela, del Distrito Nacional; Matos, Espaillat; Ceballos y Rilling D\u00edaz, de Santiago.<\/p>\n<p>Entre los jugadores convocados est\u00e1n el capit\u00e1n V\u00edctor Liz, Andr\u00e9s Feliz, Jean Montero, Gelvis Solano, Eloy Vargas, Rigoberto Mendoza, Luis Montero, \u00c1ngel Delgado, Luis Santos, Antonio Pe\u00f1a, L.J. Figueroa, Brandone Francis, Jassel P\u00e9rez, los hermanos Randy y Richard Bautista, entre otros.<\/p>\n<p>La \u00faltima vez que chocaron los dominicanos y los mexicanos fue en los Juegos Centroamericanos y del Caribe de El Salvador 2023, en la disputa por la medalla de oro que conquistaron los representantes de la Rep\u00fablica Dominicana, en un juego final que ganaron 89-72 con la ofensiva de Andr\u00e9s Feliz, quien anot\u00f3 20 puntos, ayudado por V\u00edctor Liz, 17.<\/p>\n<p><strong>Boletas<\/strong><\/p>\n<p>Las boletas al p\u00fablico estar\u00e1n disponibles para su venta a trav\u00e9s de la empresa Uepa Tickets y en las oficinas de Fedombal, se inform\u00f3 en un despacho de prensa enviado a los medios de comunicaci\u00f3n por la instituci\u00f3n rectora del baloncesto dominicano.<\/p>\n<p>El comunicado expresa que los fan\u00e1ticos que deseen pagar con la tarjeta de cr\u00e9dito de BanReservas tendr\u00e1n un descuento de un 15 por ciento al momento de la compra.<\/p>\n<p>El p\u00fablico dominicano podr\u00e1 disfrutar de un partido internacional de su seleccionado nacional de baloncesto de mayores y poder ver de cerca a sus principales figuras.<\/p>\n","protected":false},"excerpt":{"rendered":"<p>SANTO DOMINGO. La Federaci\u00f3n Dominicana de Baloncesto (Fedombal) anunci\u00f3 que este jueves el equipo nacional de mayores dar\u00e1 inicio a la etapa de preparaci\u00f3n para su enfrentamiento ante M\u00e9xico, en la primera ventana clasificatoria del FIBA AmeriCup 2025. La escuadra quisqueyana se enfrentar\u00e1 a los aztecas el viernes 23 de este mes de febrero, a [&hellip;]<\/p>\n","protected":false},"author":13,"featured_media":122100,"comment_status":"closed","ping_status":"closed","sticky":false,"template":"","format":"standard","meta":[],"categories":[3,2,60],"tags":[80075],"acf":[],"_links":{"self":[{"href":"https:\/\/colimdo.org\/wp-api\/wp\/v2\/posts\/122099"}],"collection":[{"href":"https:\/\/colimdo.org\/wp-api\/wp\/v2\/posts"}],"about":[{"href":"https:\/\/colimdo.org\/wp-api\/wp\/v2\/types\/post"}],"author":[{"embeddable":true,"href":"https:\/\/colimdo.org\/wp-api\/wp\/v2\/users\/13"}],"replies":[{"embeddable":true,"href":"https:\/\/colimdo.org\/wp-api\/wp\/v2\/comments?post=122099"}],"version-history":[{"count":1,"href":"https:\/\/colimdo.org\/wp-api\/wp\/v2\/posts\/122099\/revisions"}],"predecessor-version":[{"id":122101,"href":"https:\/\/colimdo.org\/wp-api\/wp\/v2\/posts\/122099\/revisions\/122101"}],"wp:featuredmedia":[{"embeddable":true,"href":"https:\/\/colimdo.org\/wp-api\/wp\/v2\/media\/122100"}],"wp:attachment":[{"href":"https:\/\/colimdo.org\/wp-api\/wp\/v2\/media?parent=122099"}],"wp:term":[{"taxonomy":"category","embeddable":true,"href":"https:\/\/colimdo.org\/wp-api\/wp\/v2\/categories?post=122099"},{"taxonomy":"post_tag","embeddable":true,"href":"https:\/\/colimdo.org\/wp-api\/wp\/v2\/tags?post=122099"}],"curies":[{"name":"wp","href":"https:\/\/api.w.org\/{rel}","templated":true}]}}