{"id":123336,"date":"2024-04-18T01:27:13","date_gmt":"2024-04-18T01:27:13","guid":{"rendered":"https:\/\/colimdo.org\/?p=123336"},"modified":"2024-04-18T02:09:51","modified_gmt":"2024-04-18T02:09:51","slug":"equipo-nacional-masculino-a-semis-superior-tenis-de-mesa-del-caribe","status":"publish","type":"post","link":"https:\/\/colimdo.org\/noticias\/equipo-nacional-masculino-a-semis-superior-tenis-de-mesa-del-caribe\/","title":{"rendered":"Equipo nacional masculino, a semis superior tenis de mesa del Caribe"},"content":{"rendered":"<p><strong>SANTO DOMINGO<\/strong>. El seleccionado masculino nacional super\u00f3 3 sets por 0 a la representaci\u00f3n de Trinidad &amp; Tobago para avanzar a la semifinal de las competencias por equipos del Campeonato Superior de Tenis de Mesa que se celebra en el Pabell\u00f3n de esa disciplina del Parque del Este.<\/p>\n<p>La representaci\u00f3n quisqueyana, conformada por Ram\u00f3n Vila, Rafael Cabrera, Abit Tejada e Isaac Vila, enfrentar\u00e1 al equipo de Puerto Rico en la semifinal este jueves, partido que se jugar\u00e1 a las 10:00 de la ma\u00f1ana.<\/p>\n<p>La otra semifinal la protagonizar\u00e1 Cuba, que venci\u00f3 3-1 a la Rep\u00fablica Dominicana, y Guyana, que despach\u00f3 3-1 a Barbados.<\/p>\n<p>La final masculina se jugar\u00e1 a las 4:00 de la tarde. La femenina ser\u00e1 a las 12:00 del mediod\u00eda.<\/p>\n<p>En femenino, Cuba se coloc\u00f3 en la final al vencer 3-0 a Guyana, y se enfrentar\u00e1 a Puerto Rico, que super\u00f3 3-2 a Trinidad &amp; Tobago.<\/p>\n<p>Concluidas las finales por equipos, se dar\u00e1 paso a los enfrentamientos en sencillos masculinos y femeninos.<\/p>\n<p>El torneo superior, que re\u00fane a los mejores tenismesistas de la regi\u00f3n, tiene una dedicaci\u00f3n especial a la primera vicepresidenta de la Rep\u00fablica Raquel Pe\u00f1a.<\/p>\n<p><strong>Ceremonia de inauguraci\u00f3n<\/strong><\/p>\n<p>Previo a los partidos de cierre de los cuartos de final, se llev\u00f3 a cabo la ceremonia de inauguraci\u00f3n con la presencia de personalidades como el viceministro de deportes y presidente del comit\u00e9 organizador, Franklin De la Mota, quien se\u00f1al\u00f3 que este tipo de eventos contribuye al desarrollo de los atletas quisqueyanos.<\/p>\n<p>El ingeniero Gary Hern\u00e1ndez, titular de la Federaci\u00f3n Dominicana de Tenis de Mesa (Fedoteme), manifest\u00f3 que los tenimesistas luchan por la clasificaci\u00f3n al Mundial del pr\u00f3ximo a\u00f1o en una sede por definir, al tiempo que agradeci\u00f3 a las empresas que han apoyado el certamen.<\/p>\n<p>El presidente del COD, ingeniero Garibaldy Bautista, destac\u00f3 la calidad del evento y exhort\u00f3 a los atletas a tener los mejores resultados para sus pa\u00edses.<\/p>\n<p>En el encuentro tambi\u00e9n estuvo Mazahiro Takayi, embajador de Jap\u00f3n en el pa\u00eds; el viceministro de Deportes, Leopoldo Portes; Rafael P\u00e9rez, de Deporte Escolar del Ministerio de Deportes, as\u00ed como Roque Garc\u00eda, director de Deporte Universitario, y Juan Vila, presidente de ITTF Am\u00e9ricas.<\/p>\n<p>El Campeonato Superior y el Infantil-Juvenil de Tenis de Mesa cuentan con el apoyo del Ministerio de Deportes, Creando Sue\u00f1os Ol\u00edmpicos (Creso), el Comit\u00e9 Ol\u00edmpico Dominicano (COD), S\u00faper Mercados Central, Fundaci\u00f3n Vive por un Sue\u00f1o, RH Mej\u00eda, GPH y Asociados, ITTF Am\u00e9ricas y OMSA.<\/p>\n<p>El comit\u00e9 organizador de ambos eventos est\u00e1 integrado por\u00a0 Fernando Taveras, presidente de honor; Franklin De la Mota, presidente; Gary Hern\u00e1ndez, secretario, as\u00ed como los vicepresidente Benny Metz, Carlos Zapata, Junior Noboa, Leopoldo Portes, Pedro Polanco, Rafael P\u00e9rez y Andr\u00e9s Lora.<\/p>\n<p>&nbsp;<\/p>\n<p>&nbsp;<\/p>\n<p>&nbsp;<\/p>\n","protected":false},"excerpt":{"rendered":"<p>SANTO DOMINGO. El seleccionado masculino nacional super\u00f3 3 sets por 0 a la representaci\u00f3n de Trinidad &amp; Tobago para avanzar a la semifinal de las competencias por equipos del Campeonato Superior de Tenis de Mesa que se celebra en el Pabell\u00f3n de esa disciplina del Parque del Este. La representaci\u00f3n quisqueyana, conformada por Ram\u00f3n Vila, [&hellip;]<\/p>\n","protected":false},"author":13,"featured_media":123337,"comment_status":"closed","ping_status":"closed","sticky":false,"template":"","format":"standard","meta":[],"categories":[3,2,60],"tags":[25378],"acf":[],"_links":{"self":[{"href":"https:\/\/colimdo.org\/wp-api\/wp\/v2\/posts\/123336"}],"collection":[{"href":"https:\/\/colimdo.org\/wp-api\/wp\/v2\/posts"}],"about":[{"href":"https:\/\/colimdo.org\/wp-api\/wp\/v2\/types\/post"}],"author":[{"embeddable":true,"href":"https:\/\/colimdo.org\/wp-api\/wp\/v2\/users\/13"}],"replies":[{"embeddable":true,"href":"https:\/\/colimdo.org\/wp-api\/wp\/v2\/comments?post=123336"}],"version-history":[{"count":1,"href":"https:\/\/colimdo.org\/wp-api\/wp\/v2\/posts\/123336\/revisions"}],"predecessor-version":[{"id":123338,"href":"https:\/\/colimdo.org\/wp-api\/wp\/v2\/posts\/123336\/revisions\/123338"}],"wp:featuredmedia":[{"embeddable":true,"href":"https:\/\/colimdo.org\/wp-api\/wp\/v2\/media\/123337"}],"wp:attachment":[{"href":"https:\/\/colimdo.org\/wp-api\/wp\/v2\/media?parent=123336"}],"wp:term":[{"taxonomy":"category","embeddable":true,"href":"https:\/\/colimdo.org\/wp-api\/wp\/v2\/categories?post=123336"},{"taxonomy":"post_tag","embeddable":true,"href":"https:\/\/colimdo.org\/wp-api\/wp\/v2\/tags?post=123336"}],"curies":[{"name":"wp","href":"https:\/\/api.w.org\/{rel}","templated":true}]}}