{"id":123993,"date":"2024-05-27T17:10:19","date_gmt":"2024-05-27T17:10:19","guid":{"rendered":"https:\/\/colimdo.org\/?p=123993"},"modified":"2024-05-27T17:10:19","modified_gmt":"2024-05-27T17:10:19","slug":"tribunal-ordena-a-fifa-y-a-uefa-poner-fin-a-oposicion-superliga","status":"publish","type":"post","link":"https:\/\/colimdo.org\/noticias\/tribunal-ordena-a-fifa-y-a-uefa-poner-fin-a-oposicion-superliga\/","title":{"rendered":"Tribunal ordena a FIFA y a UEFA poner fin a oposici\u00f3n Superliga"},"content":{"rendered":"<p><strong>MADRID (Reuters)<\/strong>. Una juez espa\u00f1ola orden\u00f3 a los organismos rectores del f\u00fatbol, la FIFA y la UEFA, que pongan fin a su oposici\u00f3n a una competici\u00f3n paralela conocida como Superliga Europea (ESL), por considerar que practican un comportamiento anticompetitivo y abusan de su posici\u00f3n dominante.<\/p>\n<p>La juez Sof\u00eda Gil Garc\u00eda dictamin\u00f3 que ambos organismos infringen la legislaci\u00f3n de la Uni\u00f3n Europea al prohibir a los clubes participar en un nuevo campeonato de f\u00fatbol profesional propuesto, inform\u00f3 el lunes un comunicado del tribunal.<\/p>\n<p>En la sentencia, la magistrada tambi\u00e9n orden\u00f3 a la FIFA y a la UEFA que revoquen de manera inmediata cualquier acci\u00f3n anticompetitiva cometida en el pasado.<\/p>\n<p>El caso fue presentado por A22 Sports Management, la empresa de desarrollo deportivo detr\u00e1s del plan para crear la ESL, contra la Real Federaci\u00f3n Espa\u00f1ola de F\u00fatbol, LaLiga espa\u00f1ola, la UEFA y la FIFA, que hab\u00edan bloqueado la ESL.<\/p>\n<p>&#8220;La era del monopolio ha terminado definitivamente&#8221;, dijo Bernd Reichart, presidente ejecutivo de A22, en un comunicado posterior a la sentencia, que calific\u00f3 de &#8220;paso importante hacia un panorama verdaderamente competitivo y sostenible del f\u00fatbol de clubes en Europa&#8221;.<\/p>\n<p>Reichart a\u00f1adi\u00f3 que la UEFA ha sofocado la innovaci\u00f3n durante d\u00e9cadas y los clubes &#8220;no deber\u00edan tener que temer amenazas de sanciones simplemente por tener ideas y conversaciones&#8221;.<\/p>\n<p>En un comunicado emitido el lunes, La Liga insisti\u00f3 en que la sentencia no apoya de forma expl\u00edcita la creaci\u00f3n de la Superliga.<\/p>\n<p>La propuesta en 2021 de una liga separada por los 12 principales clubes de Europa provoc\u00f3 protestas generalizadas entre los aficionados y amenazas de sanciones por parte de la UEFA, lo que llev\u00f3 a nueve de ellos a retirarse.<\/p>\n","protected":false},"excerpt":{"rendered":"<p>MADRID (Reuters). Una juez espa\u00f1ola orden\u00f3 a los organismos rectores del f\u00fatbol, la FIFA y la UEFA, que pongan fin a su oposici\u00f3n a una competici\u00f3n paralela conocida como Superliga Europea (ESL), por considerar que practican un comportamiento anticompetitivo y abusan de su posici\u00f3n dominante. La juez Sof\u00eda Gil Garc\u00eda dictamin\u00f3 que ambos organismos infringen [&hellip;]<\/p>\n","protected":false},"author":13,"featured_media":123994,"comment_status":"closed","ping_status":"closed","sticky":false,"template":"","format":"standard","meta":[],"categories":[5,2,60],"tags":[77],"acf":[],"_links":{"self":[{"href":"https:\/\/colimdo.org\/wp-api\/wp\/v2\/posts\/123993"}],"collection":[{"href":"https:\/\/colimdo.org\/wp-api\/wp\/v2\/posts"}],"about":[{"href":"https:\/\/colimdo.org\/wp-api\/wp\/v2\/types\/post"}],"author":[{"embeddable":true,"href":"https:\/\/colimdo.org\/wp-api\/wp\/v2\/users\/13"}],"replies":[{"embeddable":true,"href":"https:\/\/colimdo.org\/wp-api\/wp\/v2\/comments?post=123993"}],"version-history":[{"count":1,"href":"https:\/\/colimdo.org\/wp-api\/wp\/v2\/posts\/123993\/revisions"}],"predecessor-version":[{"id":123995,"href":"https:\/\/colimdo.org\/wp-api\/wp\/v2\/posts\/123993\/revisions\/123995"}],"wp:featuredmedia":[{"embeddable":true,"href":"https:\/\/colimdo.org\/wp-api\/wp\/v2\/media\/123994"}],"wp:attachment":[{"href":"https:\/\/colimdo.org\/wp-api\/wp\/v2\/media?parent=123993"}],"wp:term":[{"taxonomy":"category","embeddable":true,"href":"https:\/\/colimdo.org\/wp-api\/wp\/v2\/categories?post=123993"},{"taxonomy":"post_tag","embeddable":true,"href":"https:\/\/colimdo.org\/wp-api\/wp\/v2\/tags?post=123993"}],"curies":[{"name":"wp","href":"https:\/\/api.w.org\/{rel}","templated":true}]}}