{"id":124321,"date":"2024-06-14T00:55:18","date_gmt":"2024-06-14T00:55:18","guid":{"rendered":"https:\/\/colimdo.org\/?p=124321"},"modified":"2024-06-14T00:55:26","modified_gmt":"2024-06-14T00:55:26","slug":"luisin-y-monegro-revisan-detalles-cruciales-juegos-2026","status":"publish","type":"post","link":"https:\/\/colimdo.org\/noticias\/luisin-y-monegro-revisan-detalles-cruciales-juegos-2026\/","title":{"rendered":"Luis\u00edn y Monegro revisan detalles cruciales Juegos 2026"},"content":{"rendered":"<p><strong>SANTO DOMINGO<\/strong>. Los presidentes de Centro Caribe Sport y del Comit\u00e9 Organizador de los XXV Juegos Centroamericanos y del Caribe, Luis Mej\u00eda Oviedo y Jos\u00e9 P. Monegro, se reunieron para revisar los detalles cruciales de la pr\u00f3xima edici\u00f3n de los juegos, programada para 2026. Durante el encuentro, definieron los deportes y sus respectivas modalidades en los que se competir\u00e1 en el evento regional, al tiempo que evaluaron el progreso del proceso de organizaci\u00f3n.<\/p>\n<p>Mej\u00eda explic\u00f3 que se encuentran en la etapa de definici\u00f3n de los deportes, considerando tanto los reglamentos de Centro Caribe Sport como la rica tradici\u00f3n deportiva de Centroam\u00e9rica y el Caribe. Adem\u00e1s, elogi\u00f3 el notable avance en los trabajos de organizaci\u00f3n de los XXV Juegos, destacando que se est\u00e1n cumpliendo los plazos establecidos y que, en algunos aspectos, incluso se est\u00e1 adelantado al calendario previsto. Asimismo, felicit\u00f3 al Comit\u00e9 Organizador por su dedicaci\u00f3n y compromiso con la realizaci\u00f3n de este evento, especialmente en su contexto especial al coincidir con el centenario de los Juegos Centroamericanos y del Caribe.<\/p>\n<p>Mej\u00eda subray\u00f3 la importancia de la comunicaci\u00f3n fluida entre Centro Caribe Sport y el Comit\u00e9 Organizador, se\u00f1alando que esta ha facilitado la interacci\u00f3n y contribuido al progreso de los trabajos.<\/p>\n<p>Por su parte, Monegro ofreci\u00f3 un informe detallado sobre las acciones preparativas llevadas a cabo por el Comit\u00e9 Organizador, as\u00ed como aquellas realizadas por otras instituciones gubernamentales, como el inicio de los procesos de licitaci\u00f3n para la intervenci\u00f3n de las instalaciones deportivas por parte del Ministerio de Viviendas y Edificaciones (MIVED). Destac\u00f3 que el equipo de infraestructura deportiva ya ha evaluado las condiciones de las instalaciones que se utilizar\u00e1n para las competencias, as\u00ed como otras que podr\u00edan ser de apoyo.<\/p>\n<p>Adem\u00e1s, Monegro anunci\u00f3 que los Juegos est\u00e1n programados para celebrarse del 24 de julio al 8 de agosto de 2026 y que se han elaborado los proyectos de calendario para la mayor\u00eda de los deportes, as\u00ed como los manuales t\u00e9cnicos correspondientes.<\/p>\n","protected":false},"excerpt":{"rendered":"<p>SANTO DOMINGO. Los presidentes de Centro Caribe Sport y del Comit\u00e9 Organizador de los XXV Juegos Centroamericanos y del Caribe, Luis Mej\u00eda Oviedo y Jos\u00e9 P. Monegro, se reunieron para revisar los detalles cruciales de la pr\u00f3xima edici\u00f3n de los juegos, programada para 2026. Durante el encuentro, definieron los deportes y sus respectivas modalidades en [&hellip;]<\/p>\n","protected":false},"author":13,"featured_media":124322,"comment_status":"closed","ping_status":"closed","sticky":false,"template":"","format":"standard","meta":[],"categories":[83143,2,60],"tags":[90736],"acf":[],"_links":{"self":[{"href":"https:\/\/colimdo.org\/wp-api\/wp\/v2\/posts\/124321"}],"collection":[{"href":"https:\/\/colimdo.org\/wp-api\/wp\/v2\/posts"}],"about":[{"href":"https:\/\/colimdo.org\/wp-api\/wp\/v2\/types\/post"}],"author":[{"embeddable":true,"href":"https:\/\/colimdo.org\/wp-api\/wp\/v2\/users\/13"}],"replies":[{"embeddable":true,"href":"https:\/\/colimdo.org\/wp-api\/wp\/v2\/comments?post=124321"}],"version-history":[{"count":1,"href":"https:\/\/colimdo.org\/wp-api\/wp\/v2\/posts\/124321\/revisions"}],"predecessor-version":[{"id":124323,"href":"https:\/\/colimdo.org\/wp-api\/wp\/v2\/posts\/124321\/revisions\/124323"}],"wp:featuredmedia":[{"embeddable":true,"href":"https:\/\/colimdo.org\/wp-api\/wp\/v2\/media\/124322"}],"wp:attachment":[{"href":"https:\/\/colimdo.org\/wp-api\/wp\/v2\/media?parent=124321"}],"wp:term":[{"taxonomy":"category","embeddable":true,"href":"https:\/\/colimdo.org\/wp-api\/wp\/v2\/categories?post=124321"},{"taxonomy":"post_tag","embeddable":true,"href":"https:\/\/colimdo.org\/wp-api\/wp\/v2\/tags?post=124321"}],"curies":[{"name":"wp","href":"https:\/\/api.w.org\/{rel}","templated":true}]}}