{"id":124533,"date":"2024-06-25T20:17:01","date_gmt":"2024-06-25T20:17:01","guid":{"rendered":"https:\/\/colimdo.org\/?p=124533"},"modified":"2024-06-25T20:17:19","modified_gmt":"2024-06-25T20:17:19","slug":"liz-y-eloy-se-unen-a-seleccion-nacional-para-repechaje-olimpico","status":"publish","type":"post","link":"https:\/\/colimdo.org\/noticias\/liz-y-eloy-se-unen-a-seleccion-nacional-para-repechaje-olimpico\/","title":{"rendered":"Liz y Eloy se unen a selecci\u00f3n nacional para repechaje ol\u00edmpico"},"content":{"rendered":"<p><strong>ESPA\u00d1A.<\/strong>&#8211; Los veteranos V\u00edctor Liz y Eloy Vargas se integraron este martes a los entrenamientos de la selecci\u00f3n nacional de baloncesto que se desarrollan en El Pinto, Espa\u00f1a, y se mostraron contentos por tener una nueva oportunidad de representar a su pa\u00eds.<\/p>\n<p>Liz y Vargas son los jugadores de mayor experiencia con el combinado tricolor y es eso precisamente los que ambos desean inyectarle al conjunto quisqueyano en el torneo preol\u00edmpico de El Pireo, Grecia.<\/p>\n<p>\u201cSiempre estoy positivo para representar a mi pa\u00eds\u201d, dijo Liz mediante un comunicado del equipo.<\/p>\n<p>\u201cPor amor a la patria acept\u00e9 el llamado. Recib\u00ed la carta de la federaci\u00f3n y de inmediato me puse en contacto con el equipo de Puerto Rico con el que estoy bajo contrato y ya estoy aqu\u00ed\u201d, apunt\u00f3.<\/p>\n<p>El primer contacto de Liz y Eloy con el proceso de preparaci\u00f3n que lleva el cuerpo t\u00e9cnico del equipo que encabeza N\u00e9stor (Che) Garc\u00eda fue a trav\u00e9s de una sesi\u00f3n de video, donde este par junto al resto del equipo observ\u00f3 rigurosamente el sistema que busca correr el estratega argentino durante la cita que ser\u00e1 del 2 al 7 de julio.<\/p>\n<p>Liz dijo que espera que la integraci\u00f3n de Eloy y \u00e9l sea beneficioso para el equipo en su af\u00e1n de clasificar por primera vez en la historia a unos Juegos Ol\u00edmpicos.<\/p>\n<p>Liz viene de promediar 13.3 puntos por encuentro con los Capitanes de Arecibo en el BSN de Puerto Rico.<\/p>\n<p>De su lado, Vargas expres\u00f3 que espera contribuir a la escuadra tricolor y elogi\u00f3 la capacidad del t\u00e9cnico Garc\u00eda de sacar lo mejor de cada jugador.<\/p>\n<p>Eloy viene de finalizar su temporada con Pe\u00f1arol en la Liga Uruguaya de Baloncesto.<\/p>\n<p>El mocano juega en la selecci\u00f3n de baloncesto de Rep\u00fablica Dominicana desde 2013 y junto a Liz comparte el honor de ser los \u00fanicos dominicanos en jugar en tres copas mundiales (2014-2019 y 2023).<\/p>\n<p>Adem\u00e1s de Liz y Vargas, en Espa\u00f1a se mantienen con el combinado tricolor Jean Montero, Chris Duarte, Andr\u00e9s Feliz, \u00c1ngel N\u00fa\u00f1ez, Luis Santos, Adris de Le\u00f3n, Danny Carbuccia, Antonio Pe\u00f1a, Eddy Polanco, Yeikson Montero, Adonys Henr\u00edquez y Miguel Sim\u00f3n.<\/p>\n","protected":false},"excerpt":{"rendered":"<p>ESPA\u00d1A.&#8211; Los veteranos V\u00edctor Liz y Eloy Vargas se integraron este martes a los entrenamientos de la selecci\u00f3n nacional de baloncesto que se desarrollan en El Pinto, Espa\u00f1a, y se mostraron contentos por tener una nueva oportunidad de representar a su pa\u00eds. Liz y Vargas son los jugadores de mayor experiencia con el combinado tricolor [&hellip;]<\/p>\n","protected":false},"author":13,"featured_media":124535,"comment_status":"closed","ping_status":"closed","sticky":false,"template":"","format":"standard","meta":[],"categories":[3,2,60],"tags":[24795],"acf":[],"_links":{"self":[{"href":"https:\/\/colimdo.org\/wp-api\/wp\/v2\/posts\/124533"}],"collection":[{"href":"https:\/\/colimdo.org\/wp-api\/wp\/v2\/posts"}],"about":[{"href":"https:\/\/colimdo.org\/wp-api\/wp\/v2\/types\/post"}],"author":[{"embeddable":true,"href":"https:\/\/colimdo.org\/wp-api\/wp\/v2\/users\/13"}],"replies":[{"embeddable":true,"href":"https:\/\/colimdo.org\/wp-api\/wp\/v2\/comments?post=124533"}],"version-history":[{"count":1,"href":"https:\/\/colimdo.org\/wp-api\/wp\/v2\/posts\/124533\/revisions"}],"predecessor-version":[{"id":124536,"href":"https:\/\/colimdo.org\/wp-api\/wp\/v2\/posts\/124533\/revisions\/124536"}],"wp:featuredmedia":[{"embeddable":true,"href":"https:\/\/colimdo.org\/wp-api\/wp\/v2\/media\/124535"}],"wp:attachment":[{"href":"https:\/\/colimdo.org\/wp-api\/wp\/v2\/media?parent=124533"}],"wp:term":[{"taxonomy":"category","embeddable":true,"href":"https:\/\/colimdo.org\/wp-api\/wp\/v2\/categories?post=124533"},{"taxonomy":"post_tag","embeddable":true,"href":"https:\/\/colimdo.org\/wp-api\/wp\/v2\/tags?post=124533"}],"curies":[{"name":"wp","href":"https:\/\/api.w.org\/{rel}","templated":true}]}}