{"id":124549,"date":"2024-06-27T02:40:21","date_gmt":"2024-06-27T02:40:21","guid":{"rendered":"https:\/\/colimdo.org\/?p=124549"},"modified":"2024-06-27T02:40:21","modified_gmt":"2024-06-27T02:40:21","slug":"seleccion-basket-llega-a-alicante-para-enfrentar-equipo-espanol","status":"publish","type":"post","link":"https:\/\/colimdo.org\/noticias\/seleccion-basket-llega-a-alicante-para-enfrentar-equipo-espanol\/","title":{"rendered":"Selecci\u00f3n basket llega a Alicante para enfrentar equipo espa\u00f1ol\u00a0"},"content":{"rendered":"<p>ESPA\u00d1A.- La selecci\u00f3n nacional de baloncesto viaj\u00f3 desde la comunidad de Pinto hacia Alicante donde continuar\u00e1 su preparaci\u00f3n con miras a su participaci\u00f3n en el torneo Preol\u00edmpico que se llevar\u00e1 a cabo en El Pireo, Grecia.<\/p>\n<p>Los miembros del equipo nacional tomaron un tren en la ma\u00f1ana de este mi\u00e9rcoles que los traslad\u00f3 hacia esa ciudad en un viaje que dur\u00f3 dos horas y media.<\/p>\n<p>El base armador Andr\u00e9s Feliz no hizo el viaje debido a que asisti\u00f3 a la gala de entrega de premios que organiza la Federaci\u00f3n Espa\u00f1ola de Baloncesto (FEB). Feliz fue galardonado como el Jugador Internacional del A\u00f1o en la Liga ACB de Espa\u00f1a.<\/p>\n<p>La escuadra no agot\u00f3 sesi\u00f3n de entrenamiento una vez en el municipio de Alicante, donde estar\u00e1 hasta este pr\u00f3ximo s\u00e1bado cuando tiene pautado viajar a Grecia, sede oficial del repechaje que ser\u00e1 del 2 al 7 de julio.<\/p>\n<p>El viernes enfrentar\u00e1 en su \u00faltimo partido de preparaci\u00f3n a la selecci\u00f3n de Espa\u00f1a, n\u00famero 2 en el ranking mundial de la Federaci\u00f3n Internacional de Baloncesto (FIBA).<\/p>\n<p>Los criollos ganaron sus tres primeros duelos amistosos frente a Noruega, Costa de Marfil y Portugal en Pinto, que pertenece a la Comunidad de Madrid.<\/p>\n<p>Se mantienen en Espa\u00f1a los jugadores Jean Montero, Chris Duarte, Andr\u00e9s Feliz, \u00c1ngel N\u00fa\u00f1ez, Luis Santos, Adris de Le\u00f3n, Danny Carbuccia, Antonio Pe\u00f1a, Eddy Polanco, Yeikson Montero, Adonys Henr\u00edquez, Miguel Sim\u00f3n, el capit\u00e1n V\u00edctor Liz y Eloy Vargas.<\/p>\n<p>La escuadra que dirige N\u00e9stor (Ch\u00e9) Garc\u00eda comenzar\u00e1 su participaci\u00f3n en el torneo oficial contra Egipto el pr\u00f3ximo d\u00eda 2 de julio, a partir de las 11:30 de la ma\u00f1ana, hora de Rep\u00fablica Dominicana, en un duelo correspondiente al Grupo B del torneo.<\/p>\n<p>El mi\u00e9rcoles 3 el choque ser\u00e1 contra la selecci\u00f3n anfitriona, Grecia, a las 2:00 de la tarde.<\/p>\n<p>Ambos encuentros ser\u00e1n llevados para toda Rep\u00fablica Dominicana por CDN Deportes.<\/p>\n<p>Los dos mejores equipos del Grupo B se cruzar\u00e1n en semifinales con los dos del Grupo A formado por Eslovenia, Nueva Zelanda y Croacia.<\/p>\n<p>Los Juegos Ol\u00edmpicos de Par\u00eds 2024 comienzan el viernes 26 del pr\u00f3ximo mes de julio y concluyen el domingo 11 de agosto.<\/p>\n","protected":false},"excerpt":{"rendered":"<p>ESPA\u00d1A.- La selecci\u00f3n nacional de baloncesto viaj\u00f3 desde la comunidad de Pinto hacia Alicante donde continuar\u00e1 su preparaci\u00f3n con miras a su participaci\u00f3n en el torneo Preol\u00edmpico que se llevar\u00e1 a cabo en El Pireo, Grecia. Los miembros del equipo nacional tomaron un tren en la ma\u00f1ana de este mi\u00e9rcoles que los traslad\u00f3 hacia esa [&hellip;]<\/p>\n","protected":false},"author":13,"featured_media":124550,"comment_status":"closed","ping_status":"closed","sticky":false,"template":"","format":"standard","meta":[],"categories":[3,2,60],"tags":[24795],"acf":[],"_links":{"self":[{"href":"https:\/\/colimdo.org\/wp-api\/wp\/v2\/posts\/124549"}],"collection":[{"href":"https:\/\/colimdo.org\/wp-api\/wp\/v2\/posts"}],"about":[{"href":"https:\/\/colimdo.org\/wp-api\/wp\/v2\/types\/post"}],"author":[{"embeddable":true,"href":"https:\/\/colimdo.org\/wp-api\/wp\/v2\/users\/13"}],"replies":[{"embeddable":true,"href":"https:\/\/colimdo.org\/wp-api\/wp\/v2\/comments?post=124549"}],"version-history":[{"count":1,"href":"https:\/\/colimdo.org\/wp-api\/wp\/v2\/posts\/124549\/revisions"}],"predecessor-version":[{"id":124551,"href":"https:\/\/colimdo.org\/wp-api\/wp\/v2\/posts\/124549\/revisions\/124551"}],"wp:featuredmedia":[{"embeddable":true,"href":"https:\/\/colimdo.org\/wp-api\/wp\/v2\/media\/124550"}],"wp:attachment":[{"href":"https:\/\/colimdo.org\/wp-api\/wp\/v2\/media?parent=124549"}],"wp:term":[{"taxonomy":"category","embeddable":true,"href":"https:\/\/colimdo.org\/wp-api\/wp\/v2\/categories?post=124549"},{"taxonomy":"post_tag","embeddable":true,"href":"https:\/\/colimdo.org\/wp-api\/wp\/v2\/tags?post=124549"}],"curies":[{"name":"wp","href":"https:\/\/api.w.org\/{rel}","templated":true}]}}