{"id":124564,"date":"2024-06-28T02:10:24","date_gmt":"2024-06-28T02:10:24","guid":{"rendered":"https:\/\/colimdo.org\/?p=124564"},"modified":"2024-06-28T02:14:26","modified_gmt":"2024-06-28T02:14:26","slug":"felipe-vicini-agradece-dedicatoria-copa-panam-voleibol-masculino","status":"publish","type":"post","link":"https:\/\/colimdo.org\/noticias\/felipe-vicini-agradece-dedicatoria-copa-panam-voleibol-masculino\/","title":{"rendered":"Felipe Vicini agradece dedicatoria Copa Panam Voleibol Masculino"},"content":{"rendered":"<p>SANTO DOMINGO. El empresario Felipe Vicini agradeci\u00f3 a la Federaci\u00f3n Dominicana de Voleibol (Fedovoli) la dedicatoria \u00a0al Programa Creando Sue\u00f1os Ol\u00edmpicos (CRESO) y a su persona de \u00a0la XVII La Copa Panamericana de Voleibol Masculino, que se tendr\u00e1 lugar del 14 al 21 de julio en el Palacio Ricardo Gioriber Arias.<\/p>\n<p>El presidente del exitoso programa agradeci\u00f3 la distinci\u00f3n de reconocerles \u00a0con una \u00a0justa que reunir\u00e1 en el pa\u00eds a la selecciones \u00a0de Estados Unidos, Brasil, Argentina, Cuba, Canad\u00e1, Chile, Puerto Rico, M\u00e9xico, Colombia, Venezuela, Per\u00fa y Rep\u00fablica Dominicana<\/p>\n<p>\u201cEstamos muy agradecidos con el gesto que ha tenido la Federaci\u00f3n Dominicana de Voleibol de dedicar el torneo, m\u00e1s que a mi persona, al Creso porque represento a un grupo de empresas que se han sumado al programa y otras que vendr\u00e1n\u201d, expres\u00f3 Don Felipe, quien no podr\u00e1 estar presente en la apertura de la justa por compromisos previos.<\/p>\n<p>Resalt\u00f3 que se siente muy orgulloso por haber acogido en el programa al colectivo masculino, del que record\u00f3 que vio hace tres a\u00f1os vio en una competencia internacional \u00a0y pudo comprobar el talento que tiene.<\/p>\n<p>Indic\u00f3 que ese encuentro coincidi\u00f3 con la solicitud de respaldo que el Proyecto Nacional de Selecciones Masculinas de Voleibol, que preside el profesor \u00a0Nelson Ram\u00edrez, \u00a0a quien le permitieron presentar el \u00a0programa t\u00e9cnico recibi\u00f3 un inmediato \u201cS\u00ed\u201d por respuesta.<\/p>\n<p>Manifest\u00f3 que esa calidad ha quedado demostrada con la medalla de plata alcanzada por el equipo en los Juegos Centroamericanos y del Caribe de El Salvador, as\u00ed como con el boleto obtenido al Campeonato Clasificatorio de la Liga de Naciones en Turqu\u00eda y la casilla 30 que ocupa en el escalaf\u00f3n de la F IVB.<\/p>\n<p>\u201cNosotros nos sentimos muy satisfechos con el trabajo que han realizado\u201d, destac\u00f3 luego de recibir una hermosa placa de reconocimiento, con la foto de Don Felipe impresa en un mapa nacional de cristal, de manos del licenciado Alexis Garc\u00eda, presidente de Fedovoli, y del ingeniero Rafael Villalona, presidente del comit\u00e9 organizador de la Copa Panamericana.<\/p>\n<p>El licenciado Garc\u00eda expres\u00f3 que el gran paso de avance que ha dado el Proyecto Masculino de Selecciones Nacionales, y, \u00a0muy especialmente, el conjunto de mayores obedece en gran medida al mecenazgo del Creso.<\/p>\n<p>\u201cHemos querido venir aqu\u00ed para presentarles a ustedes el agradecimiento que tenemos con el Grupo Creso y, particularmente, con usted\u201d, enfatiz\u00f3 durante el encuentro sostenido con la membres\u00eda del Grupo Creso en el sal\u00f3n de conferencias \u00a0de INICIA.<\/p>\n<p>El ingeniero Villalona, por su lado, \u00a0declar\u00f3 que bajo el liderazgo visionario de Felipe Vicini ese programa se ha convertido en un faro de esperanza y oportunidad para los atletas y que su enfoque en el desarrollo hol\u00edstico ha allanado el camino para que muchos deportistas alcancen nuevas alturas en sus carreras..<\/p>\n<p>\u201cEsta dedicaci\u00f3n especial es un testimonio del impacto duradero que han tenido en el mundo del deporte y m\u00e1s all\u00e1\u201d. En vista de que su presidente no podr\u00e1 estar presente el d\u00eda de la inauguraci\u00f3n, solicitamos a trav\u00e9s del director del Creso, Manuel \u00a0Luna, esta peque\u00f1a pausa para rendir honor a quien honor merece\u201d, subray\u00f3.<\/p>\n<p>\u201cEsperamos reciba este reconocimiento, con el mapa de todo el territorio dominicano como s\u00edmbolo, donde han cosechado sus frutos en cada rinc\u00f3n del pa\u00eds\u201d. Puntualiz\u00f3.<\/p>\n<p>En el acto estuvieron presentes, asimismo, varios directivos \u00a0del Grupo Creso, entre ellos Carlos Jos\u00e9 Mart\u00ed, Eduardo Najri, Campo De Moya. De manera virtual participaron Julio Brache, Rafael Izquierdo y Jos\u00e9 M\u00e1rmol y Manuel Luna.<\/p>\n<p>De igual forma tomaron parte en el acto, \u00a0el profesor Nelson Ram\u00edrez, Tony Mesa, de Centro Caribe Sports; Osvaldo Villalona, de Newlink, y Jos\u00e9 Francisco Fern\u00e1ndez, tesorero de Fedovoli.<\/p>\n<p>&nbsp;<\/p>\n<p>&nbsp;<\/p>\n","protected":false},"excerpt":{"rendered":"<p>SANTO DOMINGO. El empresario Felipe Vicini agradeci\u00f3 a la Federaci\u00f3n Dominicana de Voleibol (Fedovoli) la dedicatoria \u00a0al Programa Creando Sue\u00f1os Ol\u00edmpicos (CRESO) y a su persona de \u00a0la XVII La Copa Panamericana de Voleibol Masculino, que se tendr\u00e1 lugar del 14 al 21 de julio en el Palacio Ricardo Gioriber Arias. El presidente del exitoso [&hellip;]<\/p>\n","protected":false},"author":13,"featured_media":124565,"comment_status":"closed","ping_status":"closed","sticky":false,"template":"","format":"standard","meta":[],"categories":[3,2,60],"tags":[100601],"acf":[],"_links":{"self":[{"href":"https:\/\/colimdo.org\/wp-api\/wp\/v2\/posts\/124564"}],"collection":[{"href":"https:\/\/colimdo.org\/wp-api\/wp\/v2\/posts"}],"about":[{"href":"https:\/\/colimdo.org\/wp-api\/wp\/v2\/types\/post"}],"author":[{"embeddable":true,"href":"https:\/\/colimdo.org\/wp-api\/wp\/v2\/users\/13"}],"replies":[{"embeddable":true,"href":"https:\/\/colimdo.org\/wp-api\/wp\/v2\/comments?post=124564"}],"version-history":[{"count":1,"href":"https:\/\/colimdo.org\/wp-api\/wp\/v2\/posts\/124564\/revisions"}],"predecessor-version":[{"id":124566,"href":"https:\/\/colimdo.org\/wp-api\/wp\/v2\/posts\/124564\/revisions\/124566"}],"wp:featuredmedia":[{"embeddable":true,"href":"https:\/\/colimdo.org\/wp-api\/wp\/v2\/media\/124565"}],"wp:attachment":[{"href":"https:\/\/colimdo.org\/wp-api\/wp\/v2\/media?parent=124564"}],"wp:term":[{"taxonomy":"category","embeddable":true,"href":"https:\/\/colimdo.org\/wp-api\/wp\/v2\/categories?post=124564"},{"taxonomy":"post_tag","embeddable":true,"href":"https:\/\/colimdo.org\/wp-api\/wp\/v2\/tags?post=124564"}],"curies":[{"name":"wp","href":"https:\/\/api.w.org\/{rel}","templated":true}]}}