{"id":124809,"date":"2024-07-12T17:22:53","date_gmt":"2024-07-12T17:22:53","guid":{"rendered":"https:\/\/colimdo.org\/?p=124809"},"modified":"2024-07-12T17:22:53","modified_gmt":"2024-07-12T17:22:53","slug":"onceno-cae-ante-francia-en-preparacion-para-los-jjoo-paris-2024","status":"publish","type":"post","link":"https:\/\/colimdo.org\/noticias\/onceno-cae-ante-francia-en-preparacion-para-los-jjoo-paris-2024\/","title":{"rendered":"Onceno cae ante Francia en\u00a0 preparaci\u00f3n para los\u00a0JJOO Par\u00eds 2024"},"content":{"rendered":"<p>FRANCIA.- La Selecci\u00f3n Dominicana de F\u00fatbol Sub-23\u00a0cay\u00f3 ante su similar de Francia este jueves 11 de julio en el\u00a0Stadede\u00a0Toulon, en el primero de los partidos amistosos que sostendr\u00e1 el combinado dominicano en su fase final de preparaci\u00f3n de cara a los Juegos Ol\u00edmpicos de Par\u00eds 2024.<\/p>\n<p>Los dominicanos fueron superados con marcador de\u00a0siete\u00a0goles por cero ante la poderosa selecci\u00f3n francesa.<\/p>\n<p>Enzo\u00a0Millot\u00a0(19\u2019), Alexandre\u00a0Lacazette\u00a0(28\u2019, 49\u2019),\u00a0Michael\u00a0Olise\u00a0(51, 56\u2019),\u00a0Maghnes\u00a0Akliouche\u00a0(80\u2019)\u00a0y Rayan\u00a0Cherki(90\u2019)\u00a0fueron los autores de los goles.<\/p>\n<p>En el tramo final del primer tiempo\u00a0Nowend\u00a0Lorenzo anot\u00f3 un golazo, sin embargo, no sumar\u00eda en el marcador por intervenci\u00f3n del VAR para decretar fuera de juego del atacante quisqueyano.<\/p>\n<p>Uno que destac\u00f3 fue el guardameta Enrique\u00a0B\u00f6sl,\u00a0quien tuvo varias atajadas de peligro.<\/p>\n<p>Los futbolistas que vieron acci\u00f3n\u00a0por Rep\u00fablica Dominicana\u00a0fueron: Enrique\u00a0B\u00f6sl\u00a0(Emmanuel G\u00f3mez 46\u2019);\u00a0Francisco\u00a0Mariz\u00e1n, Edgar Climent\u00a0(Thomas\u00a0Jungbauer\u00a079\u2019), Joao\u00a0Urbaez, Nelson Lemaire\u00a0(Luiyi\u00a0De Lucas 46\u2019); \u00c1ngel Montes De Oca (C) (Jos\u00e9 De La Cruz 46\u2019), Fabi\u00e1n Messina\u00a0(Jos\u00e9 De le\u00f3n 63\u2019), \u00d3scar Ure\u00f1a, Peter Federico;\u00a0Nowend\u00a0Lorenzo\u00a0(Edison Azcona 46\u2019), Rafael N\u00fa\u00f1ez\u00a0(Josu\u00e9 B\u00e1ez 79\u2019). DT. Ibai G\u00f3mez.<\/p>\n<p>Este viernes el elenco patrio se trasladar\u00e1 a Le\u00a0Manspara continuar su preparaci\u00f3n de cara a Par\u00eds 2024.<\/p>\n","protected":false},"excerpt":{"rendered":"<p>FRANCIA.- La Selecci\u00f3n Dominicana de F\u00fatbol Sub-23\u00a0cay\u00f3 ante su similar de Francia este jueves 11 de julio en el\u00a0Stadede\u00a0Toulon, en el primero de los partidos amistosos que sostendr\u00e1 el combinado dominicano en su fase final de preparaci\u00f3n de cara a los Juegos Ol\u00edmpicos de Par\u00eds 2024. Los dominicanos fueron superados con marcador de\u00a0siete\u00a0goles por cero [&hellip;]<\/p>\n","protected":false},"author":13,"featured_media":124810,"comment_status":"closed","ping_status":"closed","sticky":false,"template":"","format":"standard","meta":[],"categories":[3,2,60],"tags":[79775],"acf":[],"_links":{"self":[{"href":"https:\/\/colimdo.org\/wp-api\/wp\/v2\/posts\/124809"}],"collection":[{"href":"https:\/\/colimdo.org\/wp-api\/wp\/v2\/posts"}],"about":[{"href":"https:\/\/colimdo.org\/wp-api\/wp\/v2\/types\/post"}],"author":[{"embeddable":true,"href":"https:\/\/colimdo.org\/wp-api\/wp\/v2\/users\/13"}],"replies":[{"embeddable":true,"href":"https:\/\/colimdo.org\/wp-api\/wp\/v2\/comments?post=124809"}],"version-history":[{"count":1,"href":"https:\/\/colimdo.org\/wp-api\/wp\/v2\/posts\/124809\/revisions"}],"predecessor-version":[{"id":124811,"href":"https:\/\/colimdo.org\/wp-api\/wp\/v2\/posts\/124809\/revisions\/124811"}],"wp:featuredmedia":[{"embeddable":true,"href":"https:\/\/colimdo.org\/wp-api\/wp\/v2\/media\/124810"}],"wp:attachment":[{"href":"https:\/\/colimdo.org\/wp-api\/wp\/v2\/media?parent=124809"}],"wp:term":[{"taxonomy":"category","embeddable":true,"href":"https:\/\/colimdo.org\/wp-api\/wp\/v2\/categories?post=124809"},{"taxonomy":"post_tag","embeddable":true,"href":"https:\/\/colimdo.org\/wp-api\/wp\/v2\/tags?post=124809"}],"curies":[{"name":"wp","href":"https:\/\/api.w.org\/{rel}","templated":true}]}}