{"id":124944,"date":"2024-07-25T19:24:14","date_gmt":"2024-07-25T19:24:14","guid":{"rendered":"https:\/\/colimdo.org\/?p=124944"},"modified":"2024-07-25T19:24:14","modified_gmt":"2024-07-25T19:24:14","slug":"presidente-del-cod-auguramos-una-buena-participacion-en-paris","status":"publish","type":"post","link":"https:\/\/colimdo.org\/noticias\/presidente-del-cod-auguramos-una-buena-participacion-en-paris\/","title":{"rendered":"Presidente del COD: \u201cAuguramos una buena participaci\u00f3n en Par\u00eds\u201d"},"content":{"rendered":"<p><strong>PAR\u00cdS, Francia<\/strong>. El presidente del Comit\u00e9 Ol\u00edmpico Dominicano (COD), ingeniero Garibaldy Bautista, se mostr\u00f3 optimista con la participaci\u00f3n de la delegaci\u00f3n en los XXXIII Juegos Ol\u00edmpicos que arrancan este viernes con la ceremonia de inauguraci\u00f3n.<\/p>\n<p>Bautista consider\u00f3 que la representaci\u00f3n quisqueyana est\u00e1 preparada para extender una vez el ciclo ol\u00edmpico con al menos una medalla, aunque entendi\u00f3 que es dif\u00edcil igualar los resultados obtenidos en Tokio, donde el pa\u00eds conquist\u00f3 tres medallas de plata y dos de bronce.<\/p>\n<p>\u201cEsperamos subir al p\u00f3dium, que nuestros atletas tengan una buena actuaci\u00f3n y poner al pa\u00eds en lo m\u00e1s alto\u201d, asegur\u00f3 el ingeniero Bautista.<\/p>\n<p>El titular del COD indic\u00f3 que la Rep\u00fablica Dominicana tiene cinco ciclos en forma consecutiva con al menos una medalla, una racha que inici\u00f3 en el 2004 con el oro del velocista F\u00e9lix S\u00e1nchez en los 400 metros vallas en Atenas, Grecia.<\/p>\n<p>El alto dirigente deportivo, al tomar parte en la inauguraci\u00f3n este jueves en la \u201cCasa Dominicana\u201d en Par\u00eds, en ocasi\u00f3n de los Juegos Ol\u00edmpicos, resalt\u00f3 el trabajo en equipo que realiza el Comit\u00e9 Ol\u00edmpico Dominicano, el Ministerio de Deportes y el Grupo Creando Sue\u00f1os Ol\u00edmpicos (Creso).<\/p>\n<p>\u201cEsta gesti\u00f3n (la del COD) estar\u00e1 dispuesta a colaborar con Creso y su compromiso con el deporte\u201d, dijo Bautista.<\/p>\n<p>Revel\u00f3 que la \u201cCasa Dominicana\u201d en Par\u00eds es un buen espacio para que los atletas \u201cpuedan venir a celebrar los \u00e9xitos y as\u00ed disfrutar de las tradiciones y costumbres dominicana\u201d.<\/p>\n<p>El presidente del COD, el cual se uni\u00f3 a la delegaci\u00f3n el mi\u00e9rcoles al llegar a Par\u00eds, se\u00f1al\u00f3 que hay mucho entusiasmo y un gran ambiente en la representaci\u00f3n quisqueyana que toma parte en la cita parisina.<\/p>\n<p>La inauguraci\u00f3n de la \u201cCasa Dominicana\u201d en Par\u00eds estuvo encabezada por el se\u00f1or Felipe Vicini, presidente de Creso; Miguel Camacho, jefe de Misi\u00f3n; Luis Mej\u00eda Oviedo, expresidente del COD, as\u00ed como Rosa Hern\u00e1ndez de Grull\u00f3n, embajadora dominicana en Francia, y Tamy Reynoso, viceministra de turismo, al igual que atletas, presidentes de federaciones, entrenadores e invitados.<\/p>\n","protected":false},"excerpt":{"rendered":"<p>PAR\u00cdS, Francia. El presidente del Comit\u00e9 Ol\u00edmpico Dominicano (COD), ingeniero Garibaldy Bautista, se mostr\u00f3 optimista con la participaci\u00f3n de la delegaci\u00f3n en los XXXIII Juegos Ol\u00edmpicos que arrancan este viernes con la ceremonia de inauguraci\u00f3n. Bautista consider\u00f3 que la representaci\u00f3n quisqueyana est\u00e1 preparada para extender una vez el ciclo ol\u00edmpico con al menos una medalla, [&hellip;]<\/p>\n","protected":false},"author":13,"featured_media":124945,"comment_status":"closed","ping_status":"closed","sticky":false,"template":"","format":"standard","meta":[],"categories":[2,79855,60],"tags":[100439],"acf":[],"_links":{"self":[{"href":"https:\/\/colimdo.org\/wp-api\/wp\/v2\/posts\/124944"}],"collection":[{"href":"https:\/\/colimdo.org\/wp-api\/wp\/v2\/posts"}],"about":[{"href":"https:\/\/colimdo.org\/wp-api\/wp\/v2\/types\/post"}],"author":[{"embeddable":true,"href":"https:\/\/colimdo.org\/wp-api\/wp\/v2\/users\/13"}],"replies":[{"embeddable":true,"href":"https:\/\/colimdo.org\/wp-api\/wp\/v2\/comments?post=124944"}],"version-history":[{"count":1,"href":"https:\/\/colimdo.org\/wp-api\/wp\/v2\/posts\/124944\/revisions"}],"predecessor-version":[{"id":124946,"href":"https:\/\/colimdo.org\/wp-api\/wp\/v2\/posts\/124944\/revisions\/124946"}],"wp:featuredmedia":[{"embeddable":true,"href":"https:\/\/colimdo.org\/wp-api\/wp\/v2\/media\/124945"}],"wp:attachment":[{"href":"https:\/\/colimdo.org\/wp-api\/wp\/v2\/media?parent=124944"}],"wp:term":[{"taxonomy":"category","embeddable":true,"href":"https:\/\/colimdo.org\/wp-api\/wp\/v2\/categories?post=124944"},{"taxonomy":"post_tag","embeddable":true,"href":"https:\/\/colimdo.org\/wp-api\/wp\/v2\/tags?post=124944"}],"curies":[{"name":"wp","href":"https:\/\/api.w.org\/{rel}","templated":true}]}}