{"id":124963,"date":"2024-07-27T00:57:08","date_gmt":"2024-07-27T00:57:08","guid":{"rendered":"https:\/\/colimdo.org\/?p=124963"},"modified":"2024-07-27T00:57:16","modified_gmt":"2024-07-27T00:57:16","slug":"gimnasia-boxeo-y-futbol-en-la-jornada-de-este-sabado-en-paris","status":"publish","type":"post","link":"https:\/\/colimdo.org\/noticias\/gimnasia-boxeo-y-futbol-en-la-jornada-de-este-sabado-en-paris\/","title":{"rendered":"Gimnasia, boxeo y f\u00fatbol en la jornada de este s\u00e1bado en Par\u00eds"},"content":{"rendered":"<p><strong>PAR\u00cdS, Francia<\/strong>. El pugilista Cristian Pinales y el gimnasta Audrys Nin Reyes saltar\u00e1n este s\u00e1bado a sus respectivos escenarios en la primera jornada oficial de los XXXIII Juegos Ol\u00edmpicos que se celebran en esta ciudad.<\/p>\n<p>Adem\u00e1s de Pinales y Audrys, tambi\u00e9n tendr\u00e1 su segundo partido la selecci\u00f3n masculino sub-23 de f\u00fatbol, cuando se mida a la representaci\u00f3n de Espa\u00f1a.<\/p>\n<p>Los Juegos Ol\u00edmpicos de Par\u00eds, cuya inauguraci\u00f3n oficial se llev\u00f3 a cabo el viernes, se celebrar\u00e1n hasta el domingo 11 de agosto.<\/p>\n<p>El equipo de voleibol femenino har\u00e1 su debut este domingo, ante el sexteto de Italia.<\/p>\n<p><strong>GIMNASIA ART\u00cdSTICA<\/strong><\/p>\n<p>Audrys Nin Reyes estar\u00e1 buscando su clasificaci\u00f3n a la final este s\u00e1bado en las modalidades Barra Fija y Salto del Potro en el Bercy Arena de Par\u00eds. La ronda clasificatoria est\u00e1 pautada para iniciar a las 11:00 de la ma\u00f1ana (5:00 PM hora RD).<\/p>\n<p><strong>BOXEO<\/strong><\/p>\n<p>El pugilista Cristian Pinales pelear\u00e1 este s\u00e1bado ante Weerapon JongJoho, de Thailandia, en pleito de los 80 kilos de la ronda de los 16 en el North Par\u00eds Arena. El combate est\u00e1 pautado para celebrarse a las 5:38 de la tarde (11:38 am, hora dominicana).<\/p>\n<p><strong>F\u00daTBOL<\/strong><\/p>\n<p>El seleccionado dominicano enfrentar\u00e1 a su similar de Espa\u00f1a a las 3:00 de la tarde (9:00 am hora dominicana) en el Estadio de Burdeux, en Par\u00eds.<\/p>\n<p>El enfrentamiento ante Espa\u00f1a ser\u00e1 el segundo choque de la representaci\u00f3n quisqueyana. En su debut el mi\u00e9rcoles, el onceno criollo igual\u00f3 0-0 ante Egipto en la ciudad Nantes.<\/p>\n","protected":false},"excerpt":{"rendered":"<p>PAR\u00cdS, Francia. El pugilista Cristian Pinales y el gimnasta Audrys Nin Reyes saltar\u00e1n este s\u00e1bado a sus respectivos escenarios en la primera jornada oficial de los XXXIII Juegos Ol\u00edmpicos que se celebran en esta ciudad. Adem\u00e1s de Pinales y Audrys, tambi\u00e9n tendr\u00e1 su segundo partido la selecci\u00f3n masculino sub-23 de f\u00fatbol, cuando se mida a [&hellip;]<\/p>\n","protected":false},"author":13,"featured_media":124964,"comment_status":"closed","ping_status":"closed","sticky":false,"template":"","format":"standard","meta":[],"categories":[3,2,60],"tags":[100439],"acf":[],"_links":{"self":[{"href":"https:\/\/colimdo.org\/wp-api\/wp\/v2\/posts\/124963"}],"collection":[{"href":"https:\/\/colimdo.org\/wp-api\/wp\/v2\/posts"}],"about":[{"href":"https:\/\/colimdo.org\/wp-api\/wp\/v2\/types\/post"}],"author":[{"embeddable":true,"href":"https:\/\/colimdo.org\/wp-api\/wp\/v2\/users\/13"}],"replies":[{"embeddable":true,"href":"https:\/\/colimdo.org\/wp-api\/wp\/v2\/comments?post=124963"}],"version-history":[{"count":1,"href":"https:\/\/colimdo.org\/wp-api\/wp\/v2\/posts\/124963\/revisions"}],"predecessor-version":[{"id":124965,"href":"https:\/\/colimdo.org\/wp-api\/wp\/v2\/posts\/124963\/revisions\/124965"}],"wp:featuredmedia":[{"embeddable":true,"href":"https:\/\/colimdo.org\/wp-api\/wp\/v2\/media\/124964"}],"wp:attachment":[{"href":"https:\/\/colimdo.org\/wp-api\/wp\/v2\/media?parent=124963"}],"wp:term":[{"taxonomy":"category","embeddable":true,"href":"https:\/\/colimdo.org\/wp-api\/wp\/v2\/categories?post=124963"},{"taxonomy":"post_tag","embeddable":true,"href":"https:\/\/colimdo.org\/wp-api\/wp\/v2\/tags?post=124963"}],"curies":[{"name":"wp","href":"https:\/\/api.w.org\/{rel}","templated":true}]}}