{"id":124989,"date":"2024-07-29T17:03:30","date_gmt":"2024-07-29T17:03:30","guid":{"rendered":"https:\/\/colimdo.org\/?p=124989"},"modified":"2024-07-29T17:03:49","modified_gmt":"2024-07-29T17:03:49","slug":"marileidy-se-aferra-a-la-fe-extiende-acuerdo-con-banco-popular","status":"publish","type":"post","link":"https:\/\/colimdo.org\/noticias\/marileidy-se-aferra-a-la-fe-extiende-acuerdo-con-banco-popular\/","title":{"rendered":"Marileidy se aferra a la fe; extiende acuerdo con Banco Popular"},"content":{"rendered":"<p><strong>PAR\u00cdS, Francia. <\/strong>La velocista Marileidy Paulino manifest\u00f3 que la fe que tiene es m\u00e1s grande que el oro y que el hecho de estar en unos Juegos Ol\u00edmpicos es un paso que todo atleta desea vivir.<\/p>\n<p>La doble medallista de plata en los Juegos Ol\u00edmpicos de Tokio 2020 tambi\u00e9n envi\u00f3 un mensaje de felicitaci\u00f3n a todos los atletas de la delegaci\u00f3n quisqueyana que se clasificaron para la cita multideportiva de Par\u00eds, Francia.<\/p>\n<p>\u201cEl hecho de estar aqu\u00ed (en los Juegos Ol\u00edmpicos) es un paso, una meta, un prop\u00f3sito que todo atleta necesita\u201d, asegur\u00f3 Marileidy este domingo al girar una visita a la Casa Dominicana en Par\u00eds, lugar habilitado con motivo de los XXXII Juegos Ol\u00edmpicos que se celebran en esta ciudad.<\/p>\n<p>Paulino, especialista en los 400 metros planos, especialidad del atletismo, ofreci\u00f3 sus declaraciones poco despu\u00e9s de la extensi\u00f3n del apoyo con el Banco Popular.<\/p>\n<p>En el encuentro, celebrado en la Casa Dominicana en Par\u00eds, Don Felipe Vicini, presidente de Creso y miembro del Consejo de Administraci\u00f3n del Banco Popular, se\u00f1al\u00f3 que Marileidy representa el tipo de persona que necesita la entidad bancaria para llevar modelo de liderazgo a la sociedad.<\/p>\n<p>\u201cPaulino es el modelo para la juventud, para que vean a una verdadera l\u00edder y un referente de perseverancia, dedicaci\u00f3n y \u00e9xito\u201d, sostuvo Vicini. \u201cElla es embajadora del Grupo Popular porque se ajusta a nuestra pol\u00edtica\u201d, agreg\u00f3.<\/p>\n<p>Mientras, Jos\u00e9 M\u00e1rmol, Vicepresidente Ejecutivo Comunicaciones Corporativas, Reputaci\u00f3n y\u00a0<em>Banca<\/em>\u00a0Responsable del Grupo\u00a0<em>Popular<\/em><em>, explic\u00f3 que la extensi\u00f3n del acuerdo y cooperaci\u00f3n con Marileidy es porque la atleta lleva la esperanza a todo un pa\u00eds.<\/em><\/p>\n<p><em>\u201cMarileidy forma parte de nuestra marca desde el 2022 porque es una representante de principios y valores \u00e9ticos, elementos que caracterizan la pol\u00edtica del Banco\u201d, resalt\u00f3 M\u00e1rmol.<\/em><\/p>\n<p><em>El ejecutivo bancario indic\u00f3 que Paulino ha logrado consolidar una posici\u00f3n cimera en todo el mundo. \u201cEsperamos seguir apoy\u00e1ndote para que sigas dando \u00e9xito a la Rep\u00fablica Dominicana\u201d, dijo M\u00e1rmol.<\/em><\/p>\n<p><em>En la actividad estuvieron adem\u00e1s Rosa Hern\u00e1ndez de Grull\u00f3n, embajadora dominicana en Francia; Jos\u00e9 Hern\u00e1ndez, del Banco Popular; Garibaldy Bautista, presidente del Comit\u00e9 Ol\u00edmpico Dominicano (COD); Tamy Reynoso, vice ministra de Turismo; Luis Mej\u00eda, miembro del Comit\u00e9 Ol\u00edmpico Internacional; Miguel Camacho, jefe de Misi\u00f3n; Persio Maldonado, titular de Fedotenis, y Yassen P\u00e9rez, entrenador de Marileidy.<\/em><\/p>\n<p><strong>\u00a0<\/strong><\/p>\n<p>&nbsp;<\/p>\n<p>&nbsp;<\/p>\n","protected":false},"excerpt":{"rendered":"<p>PAR\u00cdS, Francia. La velocista Marileidy Paulino manifest\u00f3 que la fe que tiene es m\u00e1s grande que el oro y que el hecho de estar en unos Juegos Ol\u00edmpicos es un paso que todo atleta desea vivir. La doble medallista de plata en los Juegos Ol\u00edmpicos de Tokio 2020 tambi\u00e9n envi\u00f3 un mensaje de felicitaci\u00f3n a [&hellip;]<\/p>\n","protected":false},"author":13,"featured_media":124990,"comment_status":"closed","ping_status":"closed","sticky":false,"template":"","format":"standard","meta":[],"categories":[2,79855,60],"tags":[100439],"acf":[],"_links":{"self":[{"href":"https:\/\/colimdo.org\/wp-api\/wp\/v2\/posts\/124989"}],"collection":[{"href":"https:\/\/colimdo.org\/wp-api\/wp\/v2\/posts"}],"about":[{"href":"https:\/\/colimdo.org\/wp-api\/wp\/v2\/types\/post"}],"author":[{"embeddable":true,"href":"https:\/\/colimdo.org\/wp-api\/wp\/v2\/users\/13"}],"replies":[{"embeddable":true,"href":"https:\/\/colimdo.org\/wp-api\/wp\/v2\/comments?post=124989"}],"version-history":[{"count":1,"href":"https:\/\/colimdo.org\/wp-api\/wp\/v2\/posts\/124989\/revisions"}],"predecessor-version":[{"id":124991,"href":"https:\/\/colimdo.org\/wp-api\/wp\/v2\/posts\/124989\/revisions\/124991"}],"wp:featuredmedia":[{"embeddable":true,"href":"https:\/\/colimdo.org\/wp-api\/wp\/v2\/media\/124990"}],"wp:attachment":[{"href":"https:\/\/colimdo.org\/wp-api\/wp\/v2\/media?parent=124989"}],"wp:term":[{"taxonomy":"category","embeddable":true,"href":"https:\/\/colimdo.org\/wp-api\/wp\/v2\/categories?post=124989"},{"taxonomy":"post_tag","embeddable":true,"href":"https:\/\/colimdo.org\/wp-api\/wp\/v2\/tags?post=124989"}],"curies":[{"name":"wp","href":"https:\/\/api.w.org\/{rel}","templated":true}]}}