{"id":125026,"date":"2024-07-31T21:45:48","date_gmt":"2024-07-31T21:45:48","guid":{"rendered":"https:\/\/colimdo.org\/?p=125026"},"modified":"2024-07-31T21:45:48","modified_gmt":"2024-07-31T21:45:48","slug":"designan-jefe-de-seguridad-de-los-juegos-santo-domingo-2026","status":"publish","type":"post","link":"https:\/\/colimdo.org\/noticias\/designan-jefe-de-seguridad-de-los-juegos-santo-domingo-2026\/","title":{"rendered":"Designan jefe de seguridad de los Juegos Santo Domingo 2026"},"content":{"rendered":"<p>SANTO DOMINGO.- El Ministerio de Defensa design\u00f3 al mayor general Julio Ernesto Flori\u00e1n P\u00e9rez (ERD) como supervisor general de la seguridad de los XXV Juegos Centroamericanos y del Caribe, Santo Domingo 2026.<\/p>\n<p>El anuncio de la designaci\u00f3n de Flori\u00e1n P\u00e9rez est\u00e1 contenida en una comunicaci\u00f3n enviada por el ministro de Defensa, teniente general ERD, Carlos Luciano D\u00edaz Morfa, al presidente del Comit\u00e9 Organizador de los Juegos Santo Domingo 2026, Jos\u00e9 P. Monegro.<\/p>\n<p>En su misiva el ministro de Defensa tambi\u00e9n da a conocer la designaci\u00f3n del general de brigada, Delio Buenaventura Col\u00f3n Rosario (ERD) como coordinador de la seguridad de la cita multideportiva internacional.<\/p>\n<p>Flori\u00e1n P\u00e9rez, viceministro de Defensa para asuntos militares, y Col\u00f3n Rosario, estar\u00e1n al frente de un equipo experimentado del Ministerio de Defensa que se encargar\u00e1 de elaborar el plan de seguridad general de los juegos, abarcando cada sede y todos los requerimientos necesarios para un evento de esta magnitud.<\/p>\n<p>El ministro de Defensa, D\u00edaz Morfa, ha manifestado su disposici\u00f3n de contribuir al magno evento, al considerar que el mismo representa un importante compromiso para el pa\u00eds, adem\u00e1s de que esas han sido las instrucciones del presidente Luis Abinader.<\/p>\n<p>Monegro agradeci\u00f3 al ministro de Defensa por su pronta respuesta a su solicitud.<\/p>\n<p>Expres\u00f3 que las designaciones y la creaci\u00f3n del equipo de seguridad, permitir\u00e1 elaborar el dise\u00f1o de la estrategia de seguridad para su posterior implementaci\u00f3n, previendo cualquier imprevisto.<\/p>\n<p>\u201cAunque cronol\u00f3gicamente estamos a dos a\u00f1os del evento, hemos adelantado en muchos aspectos organizativos, con la finalidad de garantizar un montaje exitoso de los Juegos\u201d, sostuvo Monegro.<\/p>\n<p>Los XXV Juegos Centroamericanos y del Caribe est\u00e1n previstos para inaugurarse el 24 de julio de 2026.<\/p>\n","protected":false},"excerpt":{"rendered":"<p>SANTO DOMINGO.- El Ministerio de Defensa design\u00f3 al mayor general Julio Ernesto Flori\u00e1n P\u00e9rez (ERD) como supervisor general de la seguridad de los XXV Juegos Centroamericanos y del Caribe, Santo Domingo 2026. El anuncio de la designaci\u00f3n de Flori\u00e1n P\u00e9rez est\u00e1 contenida en una comunicaci\u00f3n enviada por el ministro de Defensa, teniente general ERD, Carlos [&hellip;]<\/p>\n","protected":false},"author":13,"featured_media":125027,"comment_status":"closed","ping_status":"closed","sticky":false,"template":"","format":"standard","meta":[],"categories":[83143,2,60],"tags":[90736],"acf":[],"_links":{"self":[{"href":"https:\/\/colimdo.org\/wp-api\/wp\/v2\/posts\/125026"}],"collection":[{"href":"https:\/\/colimdo.org\/wp-api\/wp\/v2\/posts"}],"about":[{"href":"https:\/\/colimdo.org\/wp-api\/wp\/v2\/types\/post"}],"author":[{"embeddable":true,"href":"https:\/\/colimdo.org\/wp-api\/wp\/v2\/users\/13"}],"replies":[{"embeddable":true,"href":"https:\/\/colimdo.org\/wp-api\/wp\/v2\/comments?post=125026"}],"version-history":[{"count":1,"href":"https:\/\/colimdo.org\/wp-api\/wp\/v2\/posts\/125026\/revisions"}],"predecessor-version":[{"id":125028,"href":"https:\/\/colimdo.org\/wp-api\/wp\/v2\/posts\/125026\/revisions\/125028"}],"wp:featuredmedia":[{"embeddable":true,"href":"https:\/\/colimdo.org\/wp-api\/wp\/v2\/media\/125027"}],"wp:attachment":[{"href":"https:\/\/colimdo.org\/wp-api\/wp\/v2\/media?parent=125026"}],"wp:term":[{"taxonomy":"category","embeddable":true,"href":"https:\/\/colimdo.org\/wp-api\/wp\/v2\/categories?post=125026"},{"taxonomy":"post_tag","embeddable":true,"href":"https:\/\/colimdo.org\/wp-api\/wp\/v2\/tags?post=125026"}],"curies":[{"name":"wp","href":"https:\/\/api.w.org\/{rel}","templated":true}]}}