{"id":125029,"date":"2024-07-31T21:50:30","date_gmt":"2024-07-31T21:50:30","guid":{"rendered":"https:\/\/colimdo.org\/?p=125029"},"modified":"2024-07-31T21:50:40","modified_gmt":"2024-07-31T21:50:40","slug":"ofician-eucaristia-por-quinto-aniversario-fallecimiento-nelly-done","status":"publish","type":"post","link":"https:\/\/colimdo.org\/noticias\/ofician-eucaristia-por-quinto-aniversario-fallecimiento-nelly-done\/","title":{"rendered":"Ofician eucarist\u00eda por quinto aniversario fallecimiento Nelly Do\u00f1\u00e9"},"content":{"rendered":"<p>SANTO DOMINGO.- Nelly Manuel Do\u00f1\u00e9, uno de los m\u00e1s importantes dirigentes y t\u00e9cnicos deportivos que ha tenido el pa\u00eds, fue recordado a cinco a\u00f1os de su partida, por su liderazgo y amor en las cosas que hac\u00eda.<\/p>\n<p>La fundaci\u00f3n y el club Mauricio B\u00e1ez honraron la memoria y legado del profesor Do\u00f1\u00e9 con una eucarist\u00eda oficializada por el padre Francisco -Pancho- Batista.<\/p>\n<p>Ante la presencia de familiares, amigos y dirigentes del movimiento deportivo, el cura y coordinador de la Pastoral Juvenil del Sagrado Coraz\u00f3n de Jes\u00fas de Villa Juana y Cristo Rey destac\u00f3 la entrega del extinto fundador y asesor de la entidad mauriciana, no solo en el \u00e1mbito deportivo, sino a nivel social.<\/p>\n<p>Pancho Batista habl\u00f3 sobre el sentido de amor que puso Do\u00f1\u00e9 en lo que hac\u00eda y por defender sus nobles ideales club\u00edsticos.<\/p>\n<p>\u201cDo\u00f1\u00e9 puso amor en lo que cre\u00eda y hac\u00eda. Fue un verdadero ejemplo de amor por lo que se hace\u201d, expres\u00f3 Pancho Batista, a quien le uni\u00f3 una estrecha amistad con el fenecido l\u00edder de Villa Juana.<\/p>\n<p>En la pr\u00e9dica se indic\u00f3 la falta de inter\u00e9s que hay en promover los buenos valores en estos tiempos, por lo cual Do\u00f1\u00e9 es un modelo a seguir por su constante liderazgo: \u201cEs un significado de verdadero l\u00edder\u201d.<\/p>\n<p>\u201cDo\u00f1\u00e9 siempre estuvo seguro y confiado en los que cre\u00eda, porque fue un hombre perseverante y un m\u00e1rtir de la verdadera lucha social de nuestro pa\u00eds\u201d.<\/p>\n<p>El dilatado cronista deportivo Leo Corpor\u00e1n, fundador y asesor del Mauricio B\u00e1ez, manifest\u00f3 que tras el fallecimiento del profesor Do\u00f1\u00e9, el movimiento ol\u00edmpico perdi\u00f3 a uno de sus principales l\u00edderes.<\/p>\n<p>Sostuvo que los aportes de Nelly Manuel trascendieron m\u00e1s all\u00e1 de Villa Juana.<\/p>\n<p>\u201cFue un buque insignia dentro del Comit\u00e9 Ol\u00edmpico Dominicano. El olimpismo perdi\u00f3 un roble\u201d, se\u00f1al\u00f3 el editor deportivo de El Nacional.<\/p>\n<p>Corpor\u00e1n tambi\u00e9n destac\u00f3 como Do\u00f1\u00e9 se convirti\u00f3 en una columna irremplazable para el Mauricio B\u00e1ez, por su dedicaci\u00f3n al desarrollo del club y la fundaci\u00f3n.<\/p>\n<p>\u201cHemos perdido lo mejor del Mauricio B\u00e1ez, Do\u00f1\u00e9 fue\u00a0 un baluarte\u201d, consider\u00f3 Corpor\u00e1n.<\/p>\n<p>Al encuentro asistieron los hijos de Do\u00f1\u00e9, Carlos Vladimir, Minerva y Rosa. Adem\u00e1s se hicieron presentes varios presidentes de federaciones como William Ozuna, Miguel Rivera, Gilberto Garc\u00eda y\u00a0 Jos\u00e9 Manuel Ramos.<\/p>\n<p>De igual modo, estuvieron recordando a Do\u00f1\u00e9, Dionisio Guzm\u00e1n, Jos\u00e9 Luis Suero, Tom\u00e1s Polanco, Rafael Villalona, Jos\u00e9 -Boy\u00f3n- Dom\u00ednguez y C\u00e9sar Heredia Guerra.<\/p>\n","protected":false},"excerpt":{"rendered":"<p>SANTO DOMINGO.- Nelly Manuel Do\u00f1\u00e9, uno de los m\u00e1s importantes dirigentes y t\u00e9cnicos deportivos que ha tenido el pa\u00eds, fue recordado a cinco a\u00f1os de su partida, por su liderazgo y amor en las cosas que hac\u00eda. La fundaci\u00f3n y el club Mauricio B\u00e1ez honraron la memoria y legado del profesor Do\u00f1\u00e9 con una eucarist\u00eda [&hellip;]<\/p>\n","protected":false},"author":13,"featured_media":125030,"comment_status":"closed","ping_status":"closed","sticky":false,"template":"","format":"standard","meta":[],"categories":[3,2,60],"tags":[100617],"acf":[],"_links":{"self":[{"href":"https:\/\/colimdo.org\/wp-api\/wp\/v2\/posts\/125029"}],"collection":[{"href":"https:\/\/colimdo.org\/wp-api\/wp\/v2\/posts"}],"about":[{"href":"https:\/\/colimdo.org\/wp-api\/wp\/v2\/types\/post"}],"author":[{"embeddable":true,"href":"https:\/\/colimdo.org\/wp-api\/wp\/v2\/users\/13"}],"replies":[{"embeddable":true,"href":"https:\/\/colimdo.org\/wp-api\/wp\/v2\/comments?post=125029"}],"version-history":[{"count":1,"href":"https:\/\/colimdo.org\/wp-api\/wp\/v2\/posts\/125029\/revisions"}],"predecessor-version":[{"id":125031,"href":"https:\/\/colimdo.org\/wp-api\/wp\/v2\/posts\/125029\/revisions\/125031"}],"wp:featuredmedia":[{"embeddable":true,"href":"https:\/\/colimdo.org\/wp-api\/wp\/v2\/media\/125030"}],"wp:attachment":[{"href":"https:\/\/colimdo.org\/wp-api\/wp\/v2\/media?parent=125029"}],"wp:term":[{"taxonomy":"category","embeddable":true,"href":"https:\/\/colimdo.org\/wp-api\/wp\/v2\/categories?post=125029"},{"taxonomy":"post_tag","embeddable":true,"href":"https:\/\/colimdo.org\/wp-api\/wp\/v2\/tags?post=125029"}],"curies":[{"name":"wp","href":"https:\/\/api.w.org\/{rel}","templated":true}]}}