{"id":125160,"date":"2024-08-11T17:58:48","date_gmt":"2024-08-11T17:58:48","guid":{"rendered":"https:\/\/colimdo.org\/?p=125160"},"modified":"2024-08-11T17:58:48","modified_gmt":"2024-08-11T17:58:48","slug":"presidente-coi-invitado-a-juegos-santo-domingo-2026","status":"publish","type":"post","link":"https:\/\/colimdo.org\/noticias\/presidente-coi-invitado-a-juegos-santo-domingo-2026\/","title":{"rendered":"Presidente COI invitado a Juegos Santo Domingo 2026"},"content":{"rendered":"<p>SANTO DOMINGO.- El presidente del Comit\u00e9 Ol\u00edmpico Internacional (COI) ha sido invitado de manera especial a los XXV Juegos Centroamericanos y del Caribe, Santo Domingo 2026.<\/p>\n<p>La invitaci\u00f3n le fue hecha por una comisi\u00f3n del Comit\u00e9 Organizador de los Juegos Santo Domingo 2026, y el presidente de Centro Caribe Sports, Luis Mej\u00eda Oviedo, durante una reuni\u00f3n en Par\u00eds, Francia, sede de los Juegos Ol\u00edmpicos 2024.<\/p>\n<p>Adem\u00e1s de Mej\u00eda Oviedo, quien tambi\u00e9n es miembro del COI, Bach sostuvo un encuentro con Felipe Vicini, primer vicepresidente del Comit\u00e9 Organizador de los Juegos Santo Domingo 2026 y Carlos Iglesias, miembro.<\/p>\n<p>\u201cEstaremos complacidos de recibir en nuestro pa\u00eds al\u00a0presidente del COI para un evento trascendental, que marcar\u00e1 el centenario de los Juegos Centroamericanos y del Caribe\u201d, expres\u00f3 Jos\u00e9 P. Monegro, presidente del Comit\u00e9 Organizador, al ofrecer la informaci\u00f3n.<\/p>\n<p>El actual presidente del COI es el alem\u00e1n Thomas Bach, quien cesar\u00e1 en sus funciones en el verano del 2025 y ser\u00e1 sustituido por un nuevo presidente.<\/p>\n<p>Durante su gesti\u00f3n al frente del COI, Bach ha visitado el pa\u00eds en varias ocasiones.<\/p>\n<p>Thomas Bach dirige el COI desde septiembre del 2013. Su gesti\u00f3n terminar\u00e1 en el 2025, cuando se cumplir\u00e1n los 12 a\u00f1os l\u00edmite, de acuerdo a los reglamentos del organismo que impuso un tope como parte de las reformas anticorrupci\u00f3n aprobadas tras el esc\u00e1ndalo de Salt Lake City, como sede de los Juegos Ol\u00edmpicos de Invierno, hace 25 a\u00f1os.<\/p>\n<p>Bach anunci\u00f3 su decisi\u00f3n de no permitir un cambio en las reglas del COI para prolongar su permanencia en la presidencia del mismo m\u00e1s all\u00e1 de los 12 a\u00f1os establecido como m\u00e1ximo.<\/p>\n<p>El pasado s\u00e1bado, en Par\u00eds, durante la 142 Sesi\u00f3n del organismo que rige el deporte mundial, Bach anunci\u00f3 que cumplir\u00e1 con lo que estipula la carta ol\u00edmpica.<\/p>\n<p>\u201cAl movimiento ol\u00edmpico se le sirve mejor con un cambio de liderato\u201d, cita la agencia noticiosa EFE, palabras de Bach durante la reuni\u00f3n del COI.<\/p>\n","protected":false},"excerpt":{"rendered":"<p>SANTO DOMINGO.- El presidente del Comit\u00e9 Ol\u00edmpico Internacional (COI) ha sido invitado de manera especial a los XXV Juegos Centroamericanos y del Caribe, Santo Domingo 2026. La invitaci\u00f3n le fue hecha por una comisi\u00f3n del Comit\u00e9 Organizador de los Juegos Santo Domingo 2026, y el presidente de Centro Caribe Sports, Luis Mej\u00eda Oviedo, durante una [&hellip;]<\/p>\n","protected":false},"author":13,"featured_media":125161,"comment_status":"closed","ping_status":"closed","sticky":false,"template":"","format":"standard","meta":[],"categories":[83143,2,60],"tags":[90736],"acf":[],"_links":{"self":[{"href":"https:\/\/colimdo.org\/wp-api\/wp\/v2\/posts\/125160"}],"collection":[{"href":"https:\/\/colimdo.org\/wp-api\/wp\/v2\/posts"}],"about":[{"href":"https:\/\/colimdo.org\/wp-api\/wp\/v2\/types\/post"}],"author":[{"embeddable":true,"href":"https:\/\/colimdo.org\/wp-api\/wp\/v2\/users\/13"}],"replies":[{"embeddable":true,"href":"https:\/\/colimdo.org\/wp-api\/wp\/v2\/comments?post=125160"}],"version-history":[{"count":1,"href":"https:\/\/colimdo.org\/wp-api\/wp\/v2\/posts\/125160\/revisions"}],"predecessor-version":[{"id":125162,"href":"https:\/\/colimdo.org\/wp-api\/wp\/v2\/posts\/125160\/revisions\/125162"}],"wp:featuredmedia":[{"embeddable":true,"href":"https:\/\/colimdo.org\/wp-api\/wp\/v2\/media\/125161"}],"wp:attachment":[{"href":"https:\/\/colimdo.org\/wp-api\/wp\/v2\/media?parent=125160"}],"wp:term":[{"taxonomy":"category","embeddable":true,"href":"https:\/\/colimdo.org\/wp-api\/wp\/v2\/categories?post=125160"},{"taxonomy":"post_tag","embeddable":true,"href":"https:\/\/colimdo.org\/wp-api\/wp\/v2\/tags?post=125160"}],"curies":[{"name":"wp","href":"https:\/\/api.w.org\/{rel}","templated":true}]}}