{"id":125235,"date":"2024-08-19T01:25:14","date_gmt":"2024-08-19T01:25:14","guid":{"rendered":"https:\/\/colimdo.org\/?p=125235"},"modified":"2024-08-19T01:25:14","modified_gmt":"2024-08-19T01:25:14","slug":"delegacion-da-toques-finales-a-preparacion-juegos-paralimpicos","status":"publish","type":"post","link":"https:\/\/colimdo.org\/noticias\/delegacion-da-toques-finales-a-preparacion-juegos-paralimpicos\/","title":{"rendered":"Delegaci\u00f3n da toques finales a preparaci\u00f3n Juegos Paral\u00edmpicos"},"content":{"rendered":"<p>VERNY, MOSELLE, FRANCIA.-\u00a0Los doce Para atletas dominicanos que competir\u00e1n en los Juegos Paral\u00edmpicos de Par\u00eds 2024, realizan su base de preparaci\u00f3n en la comuna de Verny, departamento de Moselle, al Este de Par\u00eds.<\/p>\n<p>La delegaci\u00f3n se ha concentrado desde el pasado s\u00e1bado, 10 de agosto, en esta localidad, donde cuentan con todo lo necesario para afinar los detalles antes de sus respectivas competencias en la cita paral\u00edmpica en la capital de Francia.<\/p>\n<p>Para el Jefe de Misi\u00f3n, Alberto Alm\u00e1nzar, estar 18 d\u00edas concentrados\u00a0y dar este paso previo a los Juegos, garantizar\u00e1 mejores resultados para los deportistas que conforman la delegaci\u00f3n quisqueyana, a partir del 28 de agosto.<\/p>\n<p>\u201cEstar aqu\u00ed significa mucho para el Comit\u00e9 Paral\u00edmpico Dominicano (COPADOM) y los atletas, porque esto nos permitir\u00e1 llegar a los juegos con mayor confianza.\u201d, se\u00f1al\u00f3 Alm\u00e1nzar.<\/p>\n<p>Esta concentraci\u00f3n se realiza gracias al inter\u00e9s del departamento de Moselle, en albergar a la delegaci\u00f3n paral\u00edmpica que competir\u00e1 en los Juegos Paral\u00edmpicos de este verano, desde hace m\u00e1s de un a\u00f1o, al igual que el apoyo del Ministerio de Deportes (MIDEREC), Comit\u00e9 Ol\u00edmpico Dominicano (COD) y Creando Sue\u00f1os Ol\u00edmpicos (CRESO) para su participaci\u00f3n en estos Juegos Paral\u00edmpicos de Par\u00eds 2024.<\/p>\n<p>\u201cLas autoridades de Moselle hicieron contacto con nosotros a trav\u00e9s de Gilberto Garc\u00eda (presidente de FEDOJUDO), para tener a nuestros atletas en su base de\u00a0preparaci\u00f3n antes de la celebraci\u00f3n de los Juegos Paral\u00edmpicos,\u00a0donde ellos nos ofrecen el hospedaje, alimentaci\u00f3n y transporte terrestre local.\u201d, inform\u00f3 el presidente de COPADOM, Eladio Agramonte.<\/p>\n<p>Adem\u00e1s, el espacio donde se concentra\u00a0esta\u00a0delegaci\u00f3n, cuenta con unas modernas instalaciones deportivas equipadas para los cinco deportes en los cuales se competir\u00e1 en Par\u00eds 2024, con un factor de exclusividad, al ser la \u00fanica delegaci\u00f3n paral\u00edmpica en esta localidad y de todo el territorio franc\u00e9s.<\/p>\n<p>En los Juegos\u00a0Paral\u00edmpicos de Par\u00eds\u00a02020,\u00a0competir\u00e1n\u00a04,400 Para atletas de 182\u00a0pa\u00edses en 22 deportes y 23 disciplinas deportivas, y\u00a0est\u00e1n pautados del mi\u00e9rcoles 28 de agosto al domingo 8 de septiembre.<\/p>\n","protected":false},"excerpt":{"rendered":"<p>VERNY, MOSELLE, FRANCIA.-\u00a0Los doce Para atletas dominicanos que competir\u00e1n en los Juegos Paral\u00edmpicos de Par\u00eds 2024, realizan su base de preparaci\u00f3n en la comuna de Verny, departamento de Moselle, al Este de Par\u00eds. La delegaci\u00f3n se ha concentrado desde el pasado s\u00e1bado, 10 de agosto, en esta localidad, donde cuentan con todo lo necesario para [&hellip;]<\/p>\n","protected":false},"author":13,"featured_media":125236,"comment_status":"closed","ping_status":"closed","sticky":false,"template":"","format":"standard","meta":[],"categories":[2,90439,60],"tags":[100618],"acf":[],"_links":{"self":[{"href":"https:\/\/colimdo.org\/wp-api\/wp\/v2\/posts\/125235"}],"collection":[{"href":"https:\/\/colimdo.org\/wp-api\/wp\/v2\/posts"}],"about":[{"href":"https:\/\/colimdo.org\/wp-api\/wp\/v2\/types\/post"}],"author":[{"embeddable":true,"href":"https:\/\/colimdo.org\/wp-api\/wp\/v2\/users\/13"}],"replies":[{"embeddable":true,"href":"https:\/\/colimdo.org\/wp-api\/wp\/v2\/comments?post=125235"}],"version-history":[{"count":1,"href":"https:\/\/colimdo.org\/wp-api\/wp\/v2\/posts\/125235\/revisions"}],"predecessor-version":[{"id":125237,"href":"https:\/\/colimdo.org\/wp-api\/wp\/v2\/posts\/125235\/revisions\/125237"}],"wp:featuredmedia":[{"embeddable":true,"href":"https:\/\/colimdo.org\/wp-api\/wp\/v2\/media\/125236"}],"wp:attachment":[{"href":"https:\/\/colimdo.org\/wp-api\/wp\/v2\/media?parent=125235"}],"wp:term":[{"taxonomy":"category","embeddable":true,"href":"https:\/\/colimdo.org\/wp-api\/wp\/v2\/categories?post=125235"},{"taxonomy":"post_tag","embeddable":true,"href":"https:\/\/colimdo.org\/wp-api\/wp\/v2\/tags?post=125235"}],"curies":[{"name":"wp","href":"https:\/\/api.w.org\/{rel}","templated":true}]}}