{"id":125250,"date":"2024-08-20T03:24:34","date_gmt":"2024-08-20T03:24:34","guid":{"rendered":"https:\/\/colimdo.org\/?p=125250"},"modified":"2024-08-20T03:24:34","modified_gmt":"2024-08-20T03:24:34","slug":"fedoteme-inaugurara-este-martes-panamericano-u11-y-u13","status":"publish","type":"post","link":"https:\/\/colimdo.org\/noticias\/fedoteme-inaugurara-este-martes-panamericano-u11-y-u13\/","title":{"rendered":"Fedoteme inaugurar\u00e1 este martes Panamericano U11 y U13"},"content":{"rendered":"<p>SANTO DOMINGO. Con el desfile de las delegaciones atl\u00e9ticas, la Federaci\u00f3n Dominicana de Tenis de Mesa (Fedoteme) dejar\u00e1 inaugurado este martes, a las 4:00 de la tarde, el Campeonato Panameriicano U-11 y U13 de esa disciplina en el Pabell\u00f3n del Parque del Este.<\/p>\n<p>Adem\u00e1s de los atletas, tambi\u00e9n estar\u00e1n en el acto las principales autoridades de la Fedoteme y la Confederaci\u00f3n Panamericana de Tenis de Mesa (ITTF Am\u00e9ricas).<\/p>\n<p>El certamen arranc\u00f3 el lunes con las de la fase de grupos por equipos y continuar\u00e1 este martes, desde las 9:00 de la ma\u00f1ana, para definir las llaves de eliminaci\u00f3n directa.<\/p>\n<p>El torneo est\u00e1 previsto para concluir este domingo con las finales en sencillos y dobles en ambas ramas, seg\u00fan dio a conocer el ingeniero Gary Hern\u00e1ndez, presidente de la Fedoteme.<\/p>\n<p>Los mejores talentos de las categor\u00edas U-11 y U-13 del tenis de mesa del continente se dar\u00e1n cita al certamen, organizado por la Fedoteme, en coordinaci\u00f3n con la Confederaci\u00f3n Panamericana de Tenis de Mesa (ITTF Am\u00e9ricas).<\/p>\n<p>El presidente de la Fedoteme indic\u00f3 que el Campeonato Panamericano cuenta con el apoyo del Ministerio de Deportes, Claro, Vive por un Sue\u00f1o, GPH Consultores, Creso, RH Mej\u00eda, Raise, ITTF, OMSA, S\u00faper Mercado Central y Comit\u00e9 Ol\u00edmpico Dominicano (COD).<\/p>\n<p>Record\u00f3 que los campeones individuales en ambas ramas en la categor\u00eda U-11 obtendr\u00e1n el derecho de participar en el campamento \u201cHopes\u201d (de futuras estrellas), mientras que los ganadores en U-13 recibir\u00e1n becas de entrenamiento en Centros Especializados.<\/p>\n<p>Explic\u00f3 que el torneo se realiza en coordinaci\u00f3n con ITTF Am\u00e9ricas con la participaci\u00f3n de algo m\u00e1s de 225 atletas provenientes de 17 pa\u00edses del continente.<\/p>\n<p>&nbsp;<\/p>\n","protected":false},"excerpt":{"rendered":"<p>SANTO DOMINGO. Con el desfile de las delegaciones atl\u00e9ticas, la Federaci\u00f3n Dominicana de Tenis de Mesa (Fedoteme) dejar\u00e1 inaugurado este martes, a las 4:00 de la tarde, el Campeonato Panameriicano U-11 y U13 de esa disciplina en el Pabell\u00f3n del Parque del Este. Adem\u00e1s de los atletas, tambi\u00e9n estar\u00e1n en el acto las principales autoridades [&hellip;]<\/p>\n","protected":false},"author":13,"featured_media":125251,"comment_status":"closed","ping_status":"closed","sticky":false,"template":"","format":"standard","meta":[],"categories":[3,2,60],"tags":[100620],"acf":[],"_links":{"self":[{"href":"https:\/\/colimdo.org\/wp-api\/wp\/v2\/posts\/125250"}],"collection":[{"href":"https:\/\/colimdo.org\/wp-api\/wp\/v2\/posts"}],"about":[{"href":"https:\/\/colimdo.org\/wp-api\/wp\/v2\/types\/post"}],"author":[{"embeddable":true,"href":"https:\/\/colimdo.org\/wp-api\/wp\/v2\/users\/13"}],"replies":[{"embeddable":true,"href":"https:\/\/colimdo.org\/wp-api\/wp\/v2\/comments?post=125250"}],"version-history":[{"count":1,"href":"https:\/\/colimdo.org\/wp-api\/wp\/v2\/posts\/125250\/revisions"}],"predecessor-version":[{"id":125252,"href":"https:\/\/colimdo.org\/wp-api\/wp\/v2\/posts\/125250\/revisions\/125252"}],"wp:featuredmedia":[{"embeddable":true,"href":"https:\/\/colimdo.org\/wp-api\/wp\/v2\/media\/125251"}],"wp:attachment":[{"href":"https:\/\/colimdo.org\/wp-api\/wp\/v2\/media?parent=125250"}],"wp:term":[{"taxonomy":"category","embeddable":true,"href":"https:\/\/colimdo.org\/wp-api\/wp\/v2\/categories?post=125250"},{"taxonomy":"post_tag","embeddable":true,"href":"https:\/\/colimdo.org\/wp-api\/wp\/v2\/tags?post=125250"}],"curies":[{"name":"wp","href":"https:\/\/api.w.org\/{rel}","templated":true}]}}