{"id":125368,"date":"2024-08-26T19:46:00","date_gmt":"2024-08-26T19:46:00","guid":{"rendered":"https:\/\/colimdo.org\/?p=125368"},"modified":"2024-08-26T19:46:12","modified_gmt":"2024-08-26T19:46:12","slug":"de-la-cruz-y-rodriguez-abanderados-juegos-paralimpicos-paris-2024","status":"publish","type":"post","link":"https:\/\/colimdo.org\/noticias\/de-la-cruz-y-rodriguez-abanderados-juegos-paralimpicos-paris-2024\/","title":{"rendered":"De la Cruz y Rodr\u00edguez, abanderados Juegos Paral\u00edmpicos Par\u00eds 2024"},"content":{"rendered":"<p><strong>Paris, Francia<\/strong>.-\u00a0La campeona mundial de Para Atletismo, Darlenys de la Cruz, y el atleta de Para Powerlifting (levantamiento de pesas adaptado), Jes\u00fas Manuel Rodr\u00edguez Vallejo, han sido designados como los abanderados de la delegaci\u00f3n dominicana para la Ceremonia de Apertura de los Juegos Paral\u00edmpicos.<\/p>\n<p>De la Cruz, quien tiene discapacidad visual, estar\u00e1 acompa\u00f1ada durante el ceremonial de su gu\u00eda, Fary Mej\u00eda, con quien se titul\u00f3 campeona de los 100 metros, clase T12, en el Campeonato Mundial celebrado en mayo pasado en K\u014dbe, Jap\u00f3n, adem\u00e1s, se colg\u00f3 la medalla de plata en ese mismo evento en los 200m, T12.<\/p>\n<p>Tambi\u00e9n, la nativa de Villa Mella se adue\u00f1\u00f3 de los primeros lugares en el Grand Prix de Xalapa en M\u00e9xico, y de Par\u00eds, celebrados en abril y junio de este a\u00f1o, respectivamente.<\/p>\n<p>Sobre Jes\u00fas, obtuvo medalla de bronce en la Copa del Mundo, celebrada en Bogot\u00e1, Colombia, en marzo de 2021 siendo su primer podio como seleccionado nacional.<\/p>\n<p>Adem\u00e1s, obtuvo oro y plata en la Copa del Mundo Parapanamericana de Veracruz 2023 y en la Copa del Mundo de Egitpo 2024, y tres preseas de plata en el World Cup de Acapulco, celebrado en mayo de este a\u00f1o.<\/p>\n<p>El nativo de San Crist\u00f3bal, logr\u00f3 su clasificaci\u00f3n a los Juegos Paral\u00edmpicos en el pasado 24 de junio, en el\u00a0Tbilisi 2024 World Cup, celebrado en Georgia,\u00a0otorgando al pa\u00eds una segunda representaci\u00f3n en este deporte por segundos Juegos Paral\u00edmpicos consecutivos.<\/p>\n<p>Esta delegaci\u00f3n dominicana competir\u00e1 con una cifra r\u00e9cord de 12 para atletas en cinco deportes, con el apoyo de Creando Sue\u00f1os Ol\u00edmpicos (CRESO), el Ministerio de Deportes (MIDEREC) y Comit\u00e9 Ol\u00edmpico Dominicano (COD).<\/p>\n<p>La Ceremonia de Apertura de los Juegos Paral\u00edmpicos de Par\u00eds se realizar\u00e1 el mi\u00e9rcoles 28 de agosto, a partir de las 8:00 de la noche (2:00 p.m., hora dominicana) en la Plaza de la Concordia.<\/p>\n","protected":false},"excerpt":{"rendered":"<p>Paris, Francia.-\u00a0La campeona mundial de Para Atletismo, Darlenys de la Cruz, y el atleta de Para Powerlifting (levantamiento de pesas adaptado), Jes\u00fas Manuel Rodr\u00edguez Vallejo, han sido designados como los abanderados de la delegaci\u00f3n dominicana para la Ceremonia de Apertura de los Juegos Paral\u00edmpicos. De la Cruz, quien tiene discapacidad visual, estar\u00e1 acompa\u00f1ada durante el [&hellip;]<\/p>\n","protected":false},"author":13,"featured_media":125369,"comment_status":"closed","ping_status":"closed","sticky":false,"template":"","format":"standard","meta":[],"categories":[2,90439,60],"tags":[100623],"acf":[],"_links":{"self":[{"href":"https:\/\/colimdo.org\/wp-api\/wp\/v2\/posts\/125368"}],"collection":[{"href":"https:\/\/colimdo.org\/wp-api\/wp\/v2\/posts"}],"about":[{"href":"https:\/\/colimdo.org\/wp-api\/wp\/v2\/types\/post"}],"author":[{"embeddable":true,"href":"https:\/\/colimdo.org\/wp-api\/wp\/v2\/users\/13"}],"replies":[{"embeddable":true,"href":"https:\/\/colimdo.org\/wp-api\/wp\/v2\/comments?post=125368"}],"version-history":[{"count":1,"href":"https:\/\/colimdo.org\/wp-api\/wp\/v2\/posts\/125368\/revisions"}],"predecessor-version":[{"id":125370,"href":"https:\/\/colimdo.org\/wp-api\/wp\/v2\/posts\/125368\/revisions\/125370"}],"wp:featuredmedia":[{"embeddable":true,"href":"https:\/\/colimdo.org\/wp-api\/wp\/v2\/media\/125369"}],"wp:attachment":[{"href":"https:\/\/colimdo.org\/wp-api\/wp\/v2\/media?parent=125368"}],"wp:term":[{"taxonomy":"category","embeddable":true,"href":"https:\/\/colimdo.org\/wp-api\/wp\/v2\/categories?post=125368"},{"taxonomy":"post_tag","embeddable":true,"href":"https:\/\/colimdo.org\/wp-api\/wp\/v2\/tags?post=125368"}],"curies":[{"name":"wp","href":"https:\/\/api.w.org\/{rel}","templated":true}]}}