{"id":125454,"date":"2024-09-02T18:31:04","date_gmt":"2024-09-02T18:31:04","guid":{"rendered":"https:\/\/colimdo.org\/?p=125454"},"modified":"2024-09-02T18:31:14","modified_gmt":"2024-09-02T18:31:14","slug":"espinal-y-perdomo-campeones-circuito-de-montana-fefada-a-pie","status":"publish","type":"post","link":"https:\/\/colimdo.org\/noticias\/espinal-y-perdomo-campeones-circuito-de-montana-fefada-a-pie\/","title":{"rendered":"Espinal y Perdomo campeones Circuito de Monta\u00f1a \u201cFefada a Pie\u201d"},"content":{"rendered":"<p>Santo Domingo.\u00a0 Con una contundente victoria de Jos\u00e9 Domingo Espinal, Dominguito, inici\u00f3 la IV temporada de la Serie de Trial Running La Fefada a Pie en los trillos del Higuero, con salida y llegada en el \u00e1rea Recreativa de Aro y Pedal del referido sector.<\/p>\n<p>Dominguito, que corri\u00f3 en la Cat Master M 10k hizo un tiempo de 44m 59s quedando 1ro Overall y superando a Jacinto Pacheco por 2 minutos y a Marcos Mad\u00e9 por 18 minutos.\u00a0\u00a0En cuarto lugar entr\u00f3 Edward Mendez y quinto Jos\u00e9 A Cristo Nova.<\/p>\n<p>En la Cat Open M 10k el ganador lo fue Dami\u00e1n Parra quien par\u00f3 el reloj a los 45m 17s, seguido por Cesar Encarnaci\u00f3n, Enemencio P\u00e9rez, Sim\u00f3n Bol\u00edvar Cepeda y Miguel Alcal\u00e1.<\/p>\n<p>La Fefada a Pie es una Serie de Trial Running de 4 carreras puntuables organizada por Planetbike en diferentes escenarios, con categor\u00edas por edades desde 5 a\u00f1os hasta pasados los 50s.\u00a0\u00a0Cuenta con el apoyo log\u00edstico de las marcas VitaSalud, Suerox, Enterex, Arion, Cannondale, Fisiomasahh, C\u00e1mara de Comercio SC, Cluster Tur\u00edstico SC, Xtreme Route y el Ministerio de Turismo (Mitur). La pr\u00f3xima fecha en el 29 de septiembre en Mucha Agua, Cambita SC.<\/p>\n<p>Mayra Perdomo fue la m\u00e1s destacada en la Cat Open F 10k con tiempo de 1h 14m 27s.\u00a0\u00a0En segundo lugar entr\u00f3 a la meta Yesenia Almonte con tiempo de 1h 18m 20s.\u00a0\u00a0G\u00e9nesis Perez, Elizabeth Zapata y Katherine Jim\u00e9nez se ubicaron del 3ro al 5to respectivamente.<\/p>\n<p>En la caminata Masculino 10k se impuso Rafael Garc\u00eda con tiempo de 1h 37m 25s.\u00a0\u00a0Le sigui\u00f3 Jos\u00e9 Mancebo Familia con tiempo de 1h 37m 26s.<\/p>\n<p><strong>Resultados 5k<\/strong><\/p>\n<p>En la Master M 5k se impuso Dev Patel con tiempo de 38m 14s, seguido a escasos 8 segs por Amaury Medina D\u00edaz. Yunior de la Rosa, German Genao y Jorge Luis del Villar completaron el podium en ese orden. Claudia Rebus fue la ganadora de la Master F 5k con tiempo de 37m 03s.<\/p>\n<p>En los Veteranos 5k (50+) Porfirio M\u00edreles super\u00f3 a sus rivales con tiempo de 36m 20s. Le sigui\u00f3 Jos\u00e9 Pichardo y Jos\u00e9 M\u00edreles con tiempos de 1h 04m 31 y 1h 04m 32s, respectivamente.<\/p>\n<p>En los J\u00f3venes M 5k, de 14 a 19 a\u00f1os, el m\u00e1s destacado lo fue Darmin Reyes con tiempo de 27m 02s que super\u00f3 por Wilson Castillo.\u00a0\u00a0En la rama de J\u00f3venes F 5k se impuso Merian Abigail Cuello con tiempo de 55m 34s.\u00a0\u00a0Le sigui\u00f3 Jhoanni Mitchel Urb\u00e1ez y Emely Amparo que lograron la 2da y 3ra posici\u00f3n respectivamente..<\/p>\n<p>La categor\u00eda de los infantiles fue la que m\u00e1s nutrida estaba.\u00a0\u00a0Un total de 26 ni\u00f1os menores de 13 a\u00f1os estuvieron disput\u00e1ndose los 5k.\u00a0\u00a0En los ni\u00f1os el m\u00e1s destacado lo fue Amaury A Medina con tiempo de 26m 09s.\u00a0\u00a0Le sigui\u00f3 Jorge Cuello con 47m 05s.\u00a0\u00a0En 3er puesto Marcos Jr Mad\u00e9 con 47m 08s; en 4to Yanier de La Rosa con 52m 50s y 5to Wankel Galv\u00e1 con 52m 51s.<\/p>\n<p>En las ni\u00f1as se impuso Isabela Guti\u00e9rrez con tiempo de 54m 05s.\u00a0\u00a0Le sigui\u00f3 Sof\u00eda Soto Javier con 1h 03m 46s.\u00a0\u00a0En 3er puesto se coloc\u00f3 Emma Ulloa con 1h 03m 16s; la 4ta posici\u00f3n fue para Paula Ulloa que cronometr\u00f3 1h 04m 17s y el 5to puesto fue para Nealihan de la Rosa con tiempo de 1h 08m 28s.<\/p>\n<p>En la Caminata F 5k domin\u00f3 Shamelle Lopez con tiempo de 51m 54s, seguida por Santa Olivero con 58m 40s y Gloria Ignacio con 58m 59s.\u00a0\u00a0La 4ta y 5ta posici\u00f3n fueron para Wanda L\u00f3pez y Leydi Figueroa con 59m 03s y 59m 04s respectivamente.<\/p>\n<p>En la rama masculina de la Caminata 5k el ganador lo fue Omar de la Rosa con tiempo de 47m 08s.\u00a0\u00a0Le siguieron Pedro Geraldino Paez con 51m 52s; Juan Fco. Gutierrez con 51m 52s; Kelvyn Galv\u00e1 con 59m 21s y Luis Lambert con 1h 04m<\/p>\n","protected":false},"excerpt":{"rendered":"<p>Santo Domingo.\u00a0 Con una contundente victoria de Jos\u00e9 Domingo Espinal, Dominguito, inici\u00f3 la IV temporada de la Serie de Trial Running La Fefada a Pie en los trillos del Higuero, con salida y llegada en el \u00e1rea Recreativa de Aro y Pedal del referido sector. Dominguito, que corri\u00f3 en la Cat Master M 10k hizo [&hellip;]<\/p>\n","protected":false},"author":13,"featured_media":125455,"comment_status":"closed","ping_status":"closed","sticky":false,"template":"","format":"standard","meta":[],"categories":[83143,2,60],"tags":[100625],"acf":[],"_links":{"self":[{"href":"https:\/\/colimdo.org\/wp-api\/wp\/v2\/posts\/125454"}],"collection":[{"href":"https:\/\/colimdo.org\/wp-api\/wp\/v2\/posts"}],"about":[{"href":"https:\/\/colimdo.org\/wp-api\/wp\/v2\/types\/post"}],"author":[{"embeddable":true,"href":"https:\/\/colimdo.org\/wp-api\/wp\/v2\/users\/13"}],"replies":[{"embeddable":true,"href":"https:\/\/colimdo.org\/wp-api\/wp\/v2\/comments?post=125454"}],"version-history":[{"count":1,"href":"https:\/\/colimdo.org\/wp-api\/wp\/v2\/posts\/125454\/revisions"}],"predecessor-version":[{"id":125456,"href":"https:\/\/colimdo.org\/wp-api\/wp\/v2\/posts\/125454\/revisions\/125456"}],"wp:featuredmedia":[{"embeddable":true,"href":"https:\/\/colimdo.org\/wp-api\/wp\/v2\/media\/125455"}],"wp:attachment":[{"href":"https:\/\/colimdo.org\/wp-api\/wp\/v2\/media?parent=125454"}],"wp:term":[{"taxonomy":"category","embeddable":true,"href":"https:\/\/colimdo.org\/wp-api\/wp\/v2\/categories?post=125454"},{"taxonomy":"post_tag","embeddable":true,"href":"https:\/\/colimdo.org\/wp-api\/wp\/v2\/tags?post=125454"}],"curies":[{"name":"wp","href":"https:\/\/api.w.org\/{rel}","templated":true}]}}