{"id":125507,"date":"2024-09-05T03:18:46","date_gmt":"2024-09-05T03:18:46","guid":{"rendered":"https:\/\/colimdo.org\/?p=125507"},"modified":"2024-09-05T03:18:53","modified_gmt":"2024-09-05T03:18:53","slug":"darlenys-y-fary-clasifican-a-semifinal-paralimpicos-paris","status":"publish","type":"post","link":"https:\/\/colimdo.org\/noticias\/darlenys-y-fary-clasifican-a-semifinal-paralimpicos-paris\/","title":{"rendered":"Darlenys y Fary clasifican a semifinal Paral\u00edmpicos Par\u00eds\u00a0"},"content":{"rendered":"<p>PAR\u00cdS, FRANCIA.-\u00a0La campeona mundial del para atletismo, Darlenys de la Cruz y su gu\u00eda Fary Mej\u00eda, clasificaron a la semifinal de los 100 metros, clase deportiva T12, en su primer evento de los Juegos Paral\u00edmpicos de Par\u00eds 2024.<\/p>\n<p>De la Cruz y Mej\u00eda lograron avanzar a la siguiente fase tras ganar la segunda eliminatoria del evento, con un tiempo de 12.37 segundos, con un viento a favor de 1.4 metros sobre segundos.<\/p>\n<p>Darlenys y Fary superaron a Viviane Ferreiras y su gu\u00eda Newton Vieira (12.73), Yaqin Shen y el gu\u00eda Wen Li (12.78) y a Heidilene Oliveira Lopes y su compa\u00f1ero Jailson Duarte (13.52).<\/p>\n<p>Las semifinales est\u00e1n programadas para este jueves, 5 de septiembre, a partir de las 10:00 de la ma\u00f1ana (4:00 a.m., hora dominicana), en el Stade de France.<\/p>\n<p>Los quisqueyanos estar\u00e1n corriendo en la l\u00ednea cinco de la primera semifinal, junto a los espa\u00f1oles Melani Berges y su gu\u00eda Sergio Diaz, los cubanos Omara Durand y Yuniol Kindelan y los ucranianos Oksana Boturchuk y Mykyta Barabanov.<\/p>\n<p>Darlenys de la Cruz se convirti\u00f3 en la segunda atleta femenina y quinta en la historia de Rep\u00fablica Dominicana, en competir en dos Juegos Paral\u00edmpicos, cuando este mi\u00e9rcoles corri\u00f3 las eliminatorias de los 100 metros, clase T12.<\/p>\n<p>Ella se une a Alfonso Olivero Encarnaci\u00f3n (Beijing 2008 y Londres 2012), Luis V\u00e1squez ( Tokyo 2020 y Paris 2024), Jos\u00e9 Frank Rodr\u00edguez (R\u00edo 2016 y Par\u00eds 2024) y Alejandra Aybar (Tokyo 2020 y Par\u00eds 2024).<\/p>\n<p><strong>\u00a0Otros resultados<\/strong><\/p>\n<p>El para ciclista Jos\u00e9 Frank Rodr\u00edguez compiti\u00f3 en su segundo evento, la prueba contrarreloj clase deportiva C4, en la que ocup\u00f3 la posici\u00f3n 11, con un tiempo de 43:23.39 minutos.<\/p>\n<p><strong>Jornada de este jueves<\/strong><\/p>\n<p>Marcos Jim\u00e9nez estar\u00e1 en su tercer y \u00faltimo evento de la para nataci\u00f3n a partir de las 9:38 de la ma\u00f1ana (3:38 a.m., hora dominicana), en los 50 metros, estilo libre, clase S5.<\/p>\n<p>De Darlenys y Fary clasificar a la final de los 100 metros, clase deportiva T12, estar\u00eda corriendo en la noche del jueves, pautado para las 7:17 de la noche, (1:17 de la tarde, hora dominicana).<\/p>\n","protected":false},"excerpt":{"rendered":"<p>PAR\u00cdS, FRANCIA.-\u00a0La campeona mundial del para atletismo, Darlenys de la Cruz y su gu\u00eda Fary Mej\u00eda, clasificaron a la semifinal de los 100 metros, clase deportiva T12, en su primer evento de los Juegos Paral\u00edmpicos de Par\u00eds 2024. De la Cruz y Mej\u00eda lograron avanzar a la siguiente fase tras ganar la segunda eliminatoria del [&hellip;]<\/p>\n","protected":false},"author":13,"featured_media":125508,"comment_status":"closed","ping_status":"closed","sticky":false,"template":"","format":"standard","meta":[],"categories":[2,90439,60],"tags":[100623],"acf":[],"_links":{"self":[{"href":"https:\/\/colimdo.org\/wp-api\/wp\/v2\/posts\/125507"}],"collection":[{"href":"https:\/\/colimdo.org\/wp-api\/wp\/v2\/posts"}],"about":[{"href":"https:\/\/colimdo.org\/wp-api\/wp\/v2\/types\/post"}],"author":[{"embeddable":true,"href":"https:\/\/colimdo.org\/wp-api\/wp\/v2\/users\/13"}],"replies":[{"embeddable":true,"href":"https:\/\/colimdo.org\/wp-api\/wp\/v2\/comments?post=125507"}],"version-history":[{"count":1,"href":"https:\/\/colimdo.org\/wp-api\/wp\/v2\/posts\/125507\/revisions"}],"predecessor-version":[{"id":125509,"href":"https:\/\/colimdo.org\/wp-api\/wp\/v2\/posts\/125507\/revisions\/125509"}],"wp:featuredmedia":[{"embeddable":true,"href":"https:\/\/colimdo.org\/wp-api\/wp\/v2\/media\/125508"}],"wp:attachment":[{"href":"https:\/\/colimdo.org\/wp-api\/wp\/v2\/media?parent=125507"}],"wp:term":[{"taxonomy":"category","embeddable":true,"href":"https:\/\/colimdo.org\/wp-api\/wp\/v2\/categories?post=125507"},{"taxonomy":"post_tag","embeddable":true,"href":"https:\/\/colimdo.org\/wp-api\/wp\/v2\/tags?post=125507"}],"curies":[{"name":"wp","href":"https:\/\/api.w.org\/{rel}","templated":true}]}}