{"id":125692,"date":"2024-09-17T15:50:07","date_gmt":"2024-09-17T15:50:07","guid":{"rendered":"https:\/\/colimdo.org\/?p=125692"},"modified":"2024-09-17T15:50:17","modified_gmt":"2024-09-17T15:50:17","slug":"inauguran-juegos-deportivos-de-cadetes-y-guardiamarinas","status":"publish","type":"post","link":"https:\/\/colimdo.org\/noticias\/inauguran-juegos-deportivos-de-cadetes-y-guardiamarinas\/","title":{"rendered":"Inauguran Juegos Deportivos de Cadetes y guardiamarinas"},"content":{"rendered":"<p>SAN ISIDRO, SANTO DOMINGO ESTE.-\u00a0\u00a0Los \u00a0XXVII \u00a0Juegos Deportivos de Cadetes y Guardiamarinas, dedicados p\u00f3stumamente al Mayor General (r) Aurelio A. L\u00f3pez Lajara, ERD., fueron inaugurados este lunes 16 con la presencia del alto mando militar del pa\u00eds, en un acto que tuvo como escenario el patio de armas de la academia A\u00e9rea \u201cGeneral de Brigada Piloto Frank A. Feliz Miranda, de la Fuerza A\u00e9rea de Rep\u00fablica Dominicana.<\/p>\n<p>El inspector General de las Fuerzas Armadas, el Mayor General Delio Buenaventura Col\u00f3n Rosario, ERD, tuvo a su cargo la representaci\u00f3n del Ministro de Defensa, teniente general Carlos Antonio Fern\u00e1ndez Onofre, ERD\u00b4, para dirigir el acto.<\/p>\n<p>El presidente del Consejo Directivo de la Confederaci\u00f3n Deportivas de las Fuerzas Armadas y la Polic\u00eda Nacional, General de Brigada, Jos\u00e9 Manuel Duran Infante, ERD, dio inicio al acto protocolar al solicitar permiso correspondiente al Mayor General Col\u00f3n Rosario.<\/p>\n<p>En este orden el cadete de tercer a\u00f1o Gabriel Ventura Araujo, FARD, ley\u00f3 la orden del d\u00eda.<\/p>\n<p>Inmediatamente se produjo el desfile de los atletas de cada academia participante, posteriormente se interpret\u00f3 las notas gloriosas del himno Nacional Dominicano.<\/p>\n<p>El capell\u00e1n Castrense coronel Domingo Figueroa, FARD realiz\u00f3 la invocaci\u00f3n religiosa para dar paso a las palabras de bienvenidas que las dio el coronel piloto\u00a0 Francisco De los Santos \u00c1lvarez, FARD, (DEM)., Director de la academia General Piloto Frank A. Feliz Miranda, instituci\u00f3n \u00a0ganadora de la pasada la justa,\u00a0 pronunci\u00f3 las palabras de bienvenidas a los presentes y participantes.<\/p>\n<p>En este orden el General de Brigada Dur\u00e1n Infante, tuvo a su cargo el discurso central\u00a0 donde destac\u00f3 el apoyo y la colaboraci\u00f3n brindada por el\u00a0 Ministro de Defensa \u00a0para la realizaci\u00f3n de esta justa atl\u00e9tica , as\u00ed como la importancia de los deportes para la formaci\u00f3n f\u00edsica y mental de los futuros oficiales.<\/p>\n<p>Adem\u00e1s de formar buenos soldados destac\u00f3 la camarader\u00eda que existe entre los competidores, reinando un clima de fraternidad.<\/p>\n<p>El maestro de ceremonia de la actividad, teniente coronel Justo M\u00e9ndez, ERD, \u00a0ley\u00f3 la semblanza del Mayor General retirado Jos\u00e9 Aurelio L\u00f3pez Lajara, EN, inmemorian, a quien se le dedican esta versi\u00f3n de los Juegos de Cadetes y Guardiamarinas.<\/p>\n<p>El cadete de cuarto a\u00f1o Kelvin Amador Villa, FARD, tom\u00f3 el juramento a los participantes.<\/p>\n<p>En el evento se estar\u00e1 compitiendo en\u00a0las disciplinas de ajedrez, baloncesto, voleybol, softbol, f\u00fatbol, tenis de mesa, atletismo, nataci\u00f3n, tiro con fusil y pistola, nataci\u00f3n y Pentatl\u00f3n militar.<\/p>\n<p>El Inspector General de las Fuerzas Armadas el Mayor General Col\u00f3n Rosario, como representante del Ministro de Defensa, Teniente General Fern\u00e1ndez Onofre, ley\u00f3 la proclama oficial de apertura.<\/p>\n<p>Las representaciones que ver\u00e1n acci\u00f3n son: Academia Militar \u201cBatalla de las Carreras (Ej\u00e9rcito de Rep\u00fablica Dominicana), Academia Naval \u201cVicealmirante C\u00e9sar de Windt Lavandier\u201d (Armada de Rep\u00fablica Dominicana); Academia A\u00e9rea \u201cGeneral de Brigada Piloto Frank A. Feliz Miranda, (Fuerza A\u00e9rea de Rep\u00fablica Dominicana), y la Escuela para Cadetes Jos\u00e9 Rafael F\u00e9lix Hermida Gonz\u00e1lez de la Polic\u00eda Nacional.<\/p>\n<p>Las competencias se realizaran en las academias participantes en una apretada agenda de competencias que se extender\u00e1n hasta el mes pr\u00f3ximo.<\/p>\n","protected":false},"excerpt":{"rendered":"<p>SAN ISIDRO, SANTO DOMINGO ESTE.-\u00a0\u00a0Los \u00a0XXVII \u00a0Juegos Deportivos de Cadetes y Guardiamarinas, dedicados p\u00f3stumamente al Mayor General (r) Aurelio A. L\u00f3pez Lajara, ERD., fueron inaugurados este lunes 16 con la presencia del alto mando militar del pa\u00eds, en un acto que tuvo como escenario el patio de armas de la academia A\u00e9rea \u201cGeneral de Brigada [&hellip;]<\/p>\n","protected":false},"author":13,"featured_media":125693,"comment_status":"closed","ping_status":"closed","sticky":false,"template":"","format":"standard","meta":[],"categories":[2,4,60],"tags":[100638],"acf":[],"_links":{"self":[{"href":"https:\/\/colimdo.org\/wp-api\/wp\/v2\/posts\/125692"}],"collection":[{"href":"https:\/\/colimdo.org\/wp-api\/wp\/v2\/posts"}],"about":[{"href":"https:\/\/colimdo.org\/wp-api\/wp\/v2\/types\/post"}],"author":[{"embeddable":true,"href":"https:\/\/colimdo.org\/wp-api\/wp\/v2\/users\/13"}],"replies":[{"embeddable":true,"href":"https:\/\/colimdo.org\/wp-api\/wp\/v2\/comments?post=125692"}],"version-history":[{"count":1,"href":"https:\/\/colimdo.org\/wp-api\/wp\/v2\/posts\/125692\/revisions"}],"predecessor-version":[{"id":125694,"href":"https:\/\/colimdo.org\/wp-api\/wp\/v2\/posts\/125692\/revisions\/125694"}],"wp:featuredmedia":[{"embeddable":true,"href":"https:\/\/colimdo.org\/wp-api\/wp\/v2\/media\/125693"}],"wp:attachment":[{"href":"https:\/\/colimdo.org\/wp-api\/wp\/v2\/media?parent=125692"}],"wp:term":[{"taxonomy":"category","embeddable":true,"href":"https:\/\/colimdo.org\/wp-api\/wp\/v2\/categories?post=125692"},{"taxonomy":"post_tag","embeddable":true,"href":"https:\/\/colimdo.org\/wp-api\/wp\/v2\/tags?post=125692"}],"curies":[{"name":"wp","href":"https:\/\/api.w.org\/{rel}","templated":true}]}}