{"id":125713,"date":"2024-09-18T18:53:44","date_gmt":"2024-09-18T18:53:44","guid":{"rendered":"https:\/\/colimdo.org\/?p=125713"},"modified":"2024-09-18T18:54:38","modified_gmt":"2024-09-18T18:54:38","slug":"taekwondo-busca-en-peru-clasificacion-ii-juegos-panam-juniors","status":"publish","type":"post","link":"https:\/\/colimdo.org\/noticias\/taekwondo-busca-en-peru-clasificacion-ii-juegos-panam-juniors\/","title":{"rendered":"Taekwondo busca en Per\u00fa clasificaci\u00f3n II Juegos Panam Juniors"},"content":{"rendered":"<p><strong>Santo Domingo<\/strong>.- El taekwondo de Rep\u00fablica Dominicana se encuentra en Lima, Per\u00fa, en busca de su clasificaci\u00f3n a los II Juegos Panamericanos de la Juventud, que se celebrar\u00e1n en la capital paraguaya de Asunci\u00f3n, del 9 al 23 de agosto de 2025.<\/p>\n<p>La informaci\u00f3n la dio a conocer el presidente de la Federaci\u00f3n Dominicana de Taekwondo (Fedotae), Miguel Camacho, quien revel\u00f3 que la selecci\u00f3n nacional Sub-22 ha entrenado \u201cfuertemente\u201d para la cita panamericana en su segunda versi\u00f3n.<\/p>\n<p>\u201cEstaremos participando desde este mi\u00e9rcoles hasta domingo con nuestros mejores atletas, tanto en masculino como en femenino, con el prop\u00f3sito de que en 2025 la bandera dominicana est\u00e9 presente en los Juegos de Asunci\u00f3n\u201d, expres\u00f3 Camacho.<\/p>\n<p>Detall\u00f3 que en la rama femenina representan al pa\u00eds Mar\u00eda Pe\u00f1a en los -49 kilogramos;\u00a0 Mariangel Pimentel en los -57; Karla Linette Rodr\u00edguez,. en los -67 kilos y Geisha Acosta en +67 kilogramos.<\/p>\n<p>Mientras que en masculino combatir\u00e1n Wilfredo de la Cruz, en -58 kilos; Manuel Mad\u00e9 y Noa en -68 y Pablo Feliz en +87 kilogramos.<\/p>\n<p>Agreg\u00f3 que tambi\u00e9n participar\u00e1 en las competencias de Pomsae un equipo representado por Karla Ramos y Joel Vilorio.<\/p>\n<p>Anunci\u00f3 que la delegaci\u00f3n la completan los entrenadores Ruddy Mateo y Edward Espinosa, el fisioterapeuta Jes\u00fas Silverio, bajo la coordinaci\u00f3n del delegado Franklyn Palmero.<\/p>\n<p>\u201cPrecisamente, este clasificatorio permitir\u00e1 tambi\u00e9n a los entrenadores mejorar su formaci\u00f3n, ya que podr\u00e1n obtener su certificaci\u00f3n como coach. Esta iniciativa de la Federaci\u00f3n Panamericana busca mejorar la calidad de los entrenadores para el futuro del taekwondo\u201d, coment\u00f3 Camacho.<\/p>\n<p>Los II Juegos Panamericanos de la Juventud 2025 a celebrarse en Asunci\u00f3n, Paraguay, representan uno de los proyectos m\u00e1s importantes de Panam Sports con el objetivo de detectar y apoyar a las grandes estrellas que brillar\u00e1n en el futuro cercano.<\/p>\n<p>Adem\u00e1s, en estos Juegos los ganadores de medallas de oro clasificar\u00e1n a los Juegos Panamericanos de Lima 2027, a celebrarse en Lima, Per\u00fa.<\/p>\n<p>&nbsp;<\/p>\n<p>&nbsp;<\/p>\n<p>&nbsp;<\/p>\n","protected":false},"excerpt":{"rendered":"<p>Santo Domingo.- El taekwondo de Rep\u00fablica Dominicana se encuentra en Lima, Per\u00fa, en busca de su clasificaci\u00f3n a los II Juegos Panamericanos de la Juventud, que se celebrar\u00e1n en la capital paraguaya de Asunci\u00f3n, del 9 al 23 de agosto de 2025. La informaci\u00f3n la dio a conocer el presidente de la Federaci\u00f3n Dominicana de [&hellip;]<\/p>\n","protected":false},"author":13,"featured_media":125714,"comment_status":"closed","ping_status":"closed","sticky":false,"template":"","format":"standard","meta":[],"categories":[3,2,60],"tags":[80361],"acf":[],"_links":{"self":[{"href":"https:\/\/colimdo.org\/wp-api\/wp\/v2\/posts\/125713"}],"collection":[{"href":"https:\/\/colimdo.org\/wp-api\/wp\/v2\/posts"}],"about":[{"href":"https:\/\/colimdo.org\/wp-api\/wp\/v2\/types\/post"}],"author":[{"embeddable":true,"href":"https:\/\/colimdo.org\/wp-api\/wp\/v2\/users\/13"}],"replies":[{"embeddable":true,"href":"https:\/\/colimdo.org\/wp-api\/wp\/v2\/comments?post=125713"}],"version-history":[{"count":2,"href":"https:\/\/colimdo.org\/wp-api\/wp\/v2\/posts\/125713\/revisions"}],"predecessor-version":[{"id":125716,"href":"https:\/\/colimdo.org\/wp-api\/wp\/v2\/posts\/125713\/revisions\/125716"}],"wp:featuredmedia":[{"embeddable":true,"href":"https:\/\/colimdo.org\/wp-api\/wp\/v2\/media\/125714"}],"wp:attachment":[{"href":"https:\/\/colimdo.org\/wp-api\/wp\/v2\/media?parent=125713"}],"wp:term":[{"taxonomy":"category","embeddable":true,"href":"https:\/\/colimdo.org\/wp-api\/wp\/v2\/categories?post=125713"},{"taxonomy":"post_tag","embeddable":true,"href":"https:\/\/colimdo.org\/wp-api\/wp\/v2\/tags?post=125713"}],"curies":[{"name":"wp","href":"https:\/\/api.w.org\/{rel}","templated":true}]}}