{"id":125762,"date":"2024-09-22T17:44:30","date_gmt":"2024-09-22T17:44:30","guid":{"rendered":"https:\/\/colimdo.org\/?p=125762"},"modified":"2024-09-22T17:44:30","modified_gmt":"2024-09-22T17:44:30","slug":"copa-naco-internacional-de-judo-se-llevara-a-cabo-en-octubre","status":"publish","type":"post","link":"https:\/\/colimdo.org\/noticias\/copa-naco-internacional-de-judo-se-llevara-a-cabo-en-octubre\/","title":{"rendered":"Copa Naco Internacional de Judo se llevar\u00e1 a cabo en octubre"},"content":{"rendered":"<p>SANTO DOMINGO. El Club Deportivo Naco anunci\u00f3 la celebraci\u00f3n de su tradicional Copa Naco Internacional de Judo, donde accionar\u00e1 la cifra hist\u00f3rica de m\u00e1s de 600 atletas, incluyendo judocas de m\u00e1s de nueves pa\u00edses internacionales que vendr\u00e1n a la justa que se celebrar\u00e1 los d\u00edas 12 y 13 del pr\u00f3ximo mes de octubre en el Pabell\u00f3n de Karate del Centro Ol\u00edmpico.<\/p>\n<p>Los detalles fueron ofrecidos por el sensei, el inmortal del deporte, entrenador del club Naco, Juan Chalas, en medio de una conferencia de prensa. Madelaine Andino, secretaria, dese\u00f3 el mayor los \u00e9xitos a los naque\u00f1os y est\u00e1 segura que ser\u00e1 un evento muy exitoso, como todos los a\u00f1os. Estuvieron presentes Luis Brea, vicetesorero y Manuel D\u00edaz Coronado, de Deportes.<\/p>\n<p>Anunciaron que el evento estar\u00e1 dedicado a la se\u00f1ora Thal\u00eda Goldberg, madre de dos brillantes atletas naque\u00f1os que durante la d\u00e9cada de los a\u00f1os 90 hizo grandes aportes al judo naco y a la asociaci\u00f3n de ese deporte<\/p>\n<p>Chalas, junto a los directivos de la Asociaci\u00f3n de Padres del Judo, agradeci\u00f3 todo el apoyo que, nueva vez, brinda la Junta Directiva del Club Naco, para que el evento sea todo un \u00e9xito.<\/p>\n<p>Igualmente, hablaron Luisa Mart\u00ednez, secretaria general de FEDOJUDO, S\u00f3crates Cuello, presidente de la asociaci\u00f3n de Judo del Distrito y Jos\u00e9 Garc\u00eda, vicepresidente de la Asociaci\u00f3n de Padres.<\/p>\n<p>Entre los clubes invitados est\u00e1n de los pa\u00edses de Costa Rica, Puerto Rico, Estados Unidos, Ecuador, Colombia y Panam\u00e1. Asimismo, ver\u00e1n acci\u00f3n judocas de 26 clubes de judo del pa\u00eds, de igual cantidad de asociaciones provinciales.<\/p>\n<p><strong>Las competencias<\/strong><\/p>\n<p>Manifest\u00f3 que las actividades se iniciar\u00e1n el s\u00e1bado 12 de octubre a partir de las nueve de la ma\u00f1ana y la ceremonia oficial se llevar\u00e1 a cabo a las 11:00 de la ma\u00f1ana, con la presencia de directivos del club e invitados especiales.<\/p>\n<p>Se competir\u00e1 desde de las nueve de la ma\u00f1ana en las categor\u00edas pre-infantil B, infantiles A y B y Cadetes.<\/p>\n<p>Luego del pesaje al mediod\u00eda lo har\u00e1n las disciplinas de benjamines, pre-infantil A, B, Junior, Adultos.<\/p>\n","protected":false},"excerpt":{"rendered":"<p>SANTO DOMINGO. El Club Deportivo Naco anunci\u00f3 la celebraci\u00f3n de su tradicional Copa Naco Internacional de Judo, donde accionar\u00e1 la cifra hist\u00f3rica de m\u00e1s de 600 atletas, incluyendo judocas de m\u00e1s de nueves pa\u00edses internacionales que vendr\u00e1n a la justa que se celebrar\u00e1 los d\u00edas 12 y 13 del pr\u00f3ximo mes de octubre en el [&hellip;]<\/p>\n","protected":false},"author":13,"featured_media":125763,"comment_status":"closed","ping_status":"closed","sticky":false,"template":"","format":"standard","meta":[],"categories":[83143,2,60],"tags":[100640],"acf":[],"_links":{"self":[{"href":"https:\/\/colimdo.org\/wp-api\/wp\/v2\/posts\/125762"}],"collection":[{"href":"https:\/\/colimdo.org\/wp-api\/wp\/v2\/posts"}],"about":[{"href":"https:\/\/colimdo.org\/wp-api\/wp\/v2\/types\/post"}],"author":[{"embeddable":true,"href":"https:\/\/colimdo.org\/wp-api\/wp\/v2\/users\/13"}],"replies":[{"embeddable":true,"href":"https:\/\/colimdo.org\/wp-api\/wp\/v2\/comments?post=125762"}],"version-history":[{"count":1,"href":"https:\/\/colimdo.org\/wp-api\/wp\/v2\/posts\/125762\/revisions"}],"predecessor-version":[{"id":125764,"href":"https:\/\/colimdo.org\/wp-api\/wp\/v2\/posts\/125762\/revisions\/125764"}],"wp:featuredmedia":[{"embeddable":true,"href":"https:\/\/colimdo.org\/wp-api\/wp\/v2\/media\/125763"}],"wp:attachment":[{"href":"https:\/\/colimdo.org\/wp-api\/wp\/v2\/media?parent=125762"}],"wp:term":[{"taxonomy":"category","embeddable":true,"href":"https:\/\/colimdo.org\/wp-api\/wp\/v2\/categories?post=125762"},{"taxonomy":"post_tag","embeddable":true,"href":"https:\/\/colimdo.org\/wp-api\/wp\/v2\/tags?post=125762"}],"curies":[{"name":"wp","href":"https:\/\/api.w.org\/{rel}","templated":true}]}}