{"id":125800,"date":"2024-09-24T00:49:54","date_gmt":"2024-09-24T00:49:54","guid":{"rendered":"https:\/\/colimdo.org\/?p=125800"},"modified":"2024-09-24T00:49:54","modified_gmt":"2024-09-24T00:49:54","slug":"licey-contrata-a-ben-heller-aguilas-a-inicialista-j-c-escarra","status":"publish","type":"post","link":"https:\/\/colimdo.org\/noticias\/licey-contrata-a-ben-heller-aguilas-a-inicialista-j-c-escarra\/","title":{"rendered":"Licey contrata a Ben Heller; \u00c1guilas a inicialista J.C. Escarra"},"content":{"rendered":"<p>SANTO DOMINGO.- Los bicampeones nacionales, Tigres del Licey, anunciaron la contrataci\u00f3n del relevista con experiencia de Grandes Ligas Ben Heller, como refuerzo para la temporada 2024-25 de la Liga de B\u00e9isbol de la Rep\u00fablica Dominicana que estar\u00e1 dedicada a la memoria de don Jos\u00e9 Le\u00f3n Asensio.<\/p>\n<p>Heller, de 32 a\u00f1os, es un lanzador derecho que mide seis pies y tres pulgadas, pesa 210 libras, pertenece a la organizaci\u00f3n de los Piratas de Pittsburgh y que tiene experiencia de 58 partidos en las Grandes Ligas en partes de seis temporadas, vistiendo las camisetas de Yankees de Nueva York, Bravos de Atlanta y Piratas de Pittsburgh.<\/p>\n<p>\u201cHemos agregado un brazo de poder que navega constantemente cerca de los tres d\u00edgitos. Tiene experiencia en todos los niveles importantes de esta industria y entendemos que nos puede ayudar seg\u00fan la planificaci\u00f3n de nuestro equipo\u201d, indic\u00f3 el VP de operaciones y gerente general, Audo Vicente.<\/p>\n<p>En el 2024, el nativo de Milwaukee, Wisconsin, lanz\u00f3 en dos circuitos de la referida franquicia, compilando 3.16 de efectividad con 63 ponches y 13 boletos en 37 entradas con 0.95 de WHIP y dejando en .165 el promedio de bateo de sus oponentes.<\/p>\n<p>Heller posee en su arsenal una poderosa bola r\u00e1pida que toca las 97.7 millas por hora, un cambio de velocidad a 84.5 que se combina con un sinker a 96.4, un slider que viaja a 79 y un cutter que puede transitar a 87, seg\u00fan el reporte de los scouts.<\/p>\n<p>El veterano lanzador estar\u00e1 disponible para el d\u00eda inaugural y se convierte en el octavo jugador importado anunciado por la gerencia azul, junto a los lanzadores Zac Grotz, Brooks Hall, Steve Moyers y Nico Tellache, al torpedero Jordan Lawlar y el infielder Logan Davidson y el jardinero Daniel Johnson.<\/p>\n<p>El torneo 2024-25 iniciar\u00e1 el mi\u00e9rcoles 16 de octubre, cuando los Tigres del Licey visiten a los Leones del Escogido en partido pautado para las 7:15 de la noche en el Estadio Quisqueya Juan Marichal.<\/p>\n<p><strong>\u00c1guilas contratan inicialista J.C. Escarra<\/strong><\/p>\n<p>SANTIAGO.-Las \u00c1guilas Cibae\u00f1as anunciaron la contrataci\u00f3n del inicialista J.C. Escarra, quien ser\u00e1 unos de los importados que estar\u00e1 con el conjunto desde el primer d\u00eda de la temporada.<\/p>\n<p>Nacido en Hialeah, Florida, Escarra exhibe poder de extrabase y avanzado control de la zona de strike, adem\u00e1s de que tiene la habilidad para jugar en m\u00faltiples posiciones incluyendo la receptor\u00eda. Durante su carrera, ha jugado defensa en las esquinas del cuadro interior y los jardines.<\/p>\n<p>En 2024, el fino bateador zurdo ha promediado .261\/.355\/.434 con 12 cuadrangulares, 64 carreras producidas y 32 dobles entre AA y AAA. Ha sido especialmente productivo en Scranton, filial AAA de los Yankees de Nueva York en la Liga Internacional. En ese nivel, ha bateado .302\/.403\/.527 en 201 apariciones al plato.<\/p>\n<p>Firmado por los Orioles de Baltimore en 2017 luego de jugar cuatro a\u00f1os en la Universidad Florida International (FIU), Escarra posee amplia experiencia en circuitos independientes. En 2022, vio acci\u00f3n en la Asociaci\u00f3n Americana, mientras que en 2023 bate\u00f3 .348\/.423\/.707 en la Liga del Atl\u00e1ntico antes de vestir los uniformes de Tijuana y Uni\u00f3n Laguna de la Liga Mexicana de B\u00e9isbol.<\/p>\n<p>En las \u00faltimas dos temporadas invernales, ha participado con los Leones de Ponce de la Liga de Puerto Rico. Al concluir su actuaci\u00f3n en ese circuito en 2023-24, tuvo una destacada actuaci\u00f3n en los playoffs de la Liga del Pac\u00edfico de M\u00e9xico con los Algodoneros de Guasave.<\/p>\n<p>\u00c1ngel Ovalles, gerente general de las \u00c1guilas Cibae\u00f1as, declar\u00f3 que Escarra est\u00e1 proyectado para ser una pieza clave en el medio de la alineaci\u00f3n de los 22 veces campeones nacionales.<\/p>\n","protected":false},"excerpt":{"rendered":"<p>SANTO DOMINGO.- Los bicampeones nacionales, Tigres del Licey, anunciaron la contrataci\u00f3n del relevista con experiencia de Grandes Ligas Ben Heller, como refuerzo para la temporada 2024-25 de la Liga de B\u00e9isbol de la Rep\u00fablica Dominicana que estar\u00e1 dedicada a la memoria de don Jos\u00e9 Le\u00f3n Asensio. Heller, de 32 a\u00f1os, es un lanzador derecho que [&hellip;]<\/p>\n","protected":false},"author":13,"featured_media":125801,"comment_status":"closed","ping_status":"closed","sticky":false,"template":"","format":"standard","meta":[],"categories":[84035,2,60],"tags":[80172],"acf":[],"_links":{"self":[{"href":"https:\/\/colimdo.org\/wp-api\/wp\/v2\/posts\/125800"}],"collection":[{"href":"https:\/\/colimdo.org\/wp-api\/wp\/v2\/posts"}],"about":[{"href":"https:\/\/colimdo.org\/wp-api\/wp\/v2\/types\/post"}],"author":[{"embeddable":true,"href":"https:\/\/colimdo.org\/wp-api\/wp\/v2\/users\/13"}],"replies":[{"embeddable":true,"href":"https:\/\/colimdo.org\/wp-api\/wp\/v2\/comments?post=125800"}],"version-history":[{"count":1,"href":"https:\/\/colimdo.org\/wp-api\/wp\/v2\/posts\/125800\/revisions"}],"predecessor-version":[{"id":125802,"href":"https:\/\/colimdo.org\/wp-api\/wp\/v2\/posts\/125800\/revisions\/125802"}],"wp:featuredmedia":[{"embeddable":true,"href":"https:\/\/colimdo.org\/wp-api\/wp\/v2\/media\/125801"}],"wp:attachment":[{"href":"https:\/\/colimdo.org\/wp-api\/wp\/v2\/media?parent=125800"}],"wp:term":[{"taxonomy":"category","embeddable":true,"href":"https:\/\/colimdo.org\/wp-api\/wp\/v2\/categories?post=125800"},{"taxonomy":"post_tag","embeddable":true,"href":"https:\/\/colimdo.org\/wp-api\/wp\/v2\/tags?post=125800"}],"curies":[{"name":"wp","href":"https:\/\/api.w.org\/{rel}","templated":true}]}}