{"id":126004,"date":"2024-10-04T17:43:49","date_gmt":"2024-10-04T17:43:49","guid":{"rendered":"https:\/\/colimdo.org\/?p=126004"},"modified":"2024-10-04T17:47:26","modified_gmt":"2024-10-04T17:47:26","slug":"juan-vila-buscara-segundo-mandato-en-comicios-ittf-americas","status":"publish","type":"post","link":"https:\/\/colimdo.org\/noticias\/juan-vila-buscara-segundo-mandato-en-comicios-ittf-americas\/","title":{"rendered":"Juan Vila buscar\u00e1 segundo mandato en comicios ITTF Am\u00e9ricas"},"content":{"rendered":"<p><strong>SANTO DOMINGO<\/strong>. El dominicano Juan Vila Reynoso anunci\u00f3 que buscar\u00e1 un nuevo per\u00edodo como presidente de la Confederaci\u00f3n Panamericana de Tenis de Mesa (ITTF-Am\u00e9ricas) en los comicios que se llevar\u00e1n a cabo el 11 de este mes en San Salvador, El Salvador.<\/p>\n<p>Vila Reynoso dijo que estar\u00e1 en busca de su segundo y \u00faltimo per\u00edodo en ITTF-Am\u00e9ricas y que su comit\u00e9 ejecutivo est\u00e1 conformado por un grupo de hombres y mujeres preocupados por el desarrollo del Tenis de Mesa en Am\u00e9rica.<\/p>\n<p>El inmortal del deporte dominicano indic\u00f3 que, como vicepresidente, lo acompa\u00f1a en la boleta el chileno Henry Reimberg.<\/p>\n<p>En la Asamblea eleccionaria de ITTF Am\u00e9ricas, un total de 37 pa\u00edses tendr\u00e1n derecho a votar para elegir a las nuevas autoridades del organismo.<\/p>\n<p>Adem\u00e1s de Vila Reynoso, quien es vicepresidente de la Asociaci\u00f3n de Confederaciones Deportivas de Am\u00e9rica, tambi\u00e9n aspira a la presidencia del Tenis de Mesa de Am\u00e9rica el brasile\u00f1o Alaor Pinto Acevedo.<\/p>\n<p>\u201cMe siento optimista de que la dirigencia del tenis de mesa de Am\u00e9rica depositar\u00e1 su confianza en m\u00ed para seguir impulsando el desarrollo de este deporte en el Continente. Tenemos un gran compromiso\u201d, dijo Vila.<\/p>\n<p>El dirigente deportivo form\u00f3 parte de la Asamblea General de Panam Sports, as\u00ed como de la Asociaci\u00f3n de Confederaciones Deportivas Panamericanas celebrada en Asunci\u00f3n, Paraguay, sede de los II Juegos Panamericanos Juniors 2025.<\/p>\n<p>&nbsp;<\/p>\n<p>&nbsp;<\/p>\n","protected":false},"excerpt":{"rendered":"<p>SANTO DOMINGO. El dominicano Juan Vila Reynoso anunci\u00f3 que buscar\u00e1 un nuevo per\u00edodo como presidente de la Confederaci\u00f3n Panamericana de Tenis de Mesa (ITTF-Am\u00e9ricas) en los comicios que se llevar\u00e1n a cabo el 11 de este mes en San Salvador, El Salvador. Vila Reynoso dijo que estar\u00e1 en busca de su segundo y \u00faltimo per\u00edodo [&hellip;]<\/p>\n","protected":false},"author":13,"featured_media":126005,"comment_status":"closed","ping_status":"closed","sticky":false,"template":"","format":"standard","meta":[],"categories":[5,2,60],"tags":[100645],"acf":[],"_links":{"self":[{"href":"https:\/\/colimdo.org\/wp-api\/wp\/v2\/posts\/126004"}],"collection":[{"href":"https:\/\/colimdo.org\/wp-api\/wp\/v2\/posts"}],"about":[{"href":"https:\/\/colimdo.org\/wp-api\/wp\/v2\/types\/post"}],"author":[{"embeddable":true,"href":"https:\/\/colimdo.org\/wp-api\/wp\/v2\/users\/13"}],"replies":[{"embeddable":true,"href":"https:\/\/colimdo.org\/wp-api\/wp\/v2\/comments?post=126004"}],"version-history":[{"count":1,"href":"https:\/\/colimdo.org\/wp-api\/wp\/v2\/posts\/126004\/revisions"}],"predecessor-version":[{"id":126006,"href":"https:\/\/colimdo.org\/wp-api\/wp\/v2\/posts\/126004\/revisions\/126006"}],"wp:featuredmedia":[{"embeddable":true,"href":"https:\/\/colimdo.org\/wp-api\/wp\/v2\/media\/126005"}],"wp:attachment":[{"href":"https:\/\/colimdo.org\/wp-api\/wp\/v2\/media?parent=126004"}],"wp:term":[{"taxonomy":"category","embeddable":true,"href":"https:\/\/colimdo.org\/wp-api\/wp\/v2\/categories?post=126004"},{"taxonomy":"post_tag","embeddable":true,"href":"https:\/\/colimdo.org\/wp-api\/wp\/v2\/tags?post=126004"}],"curies":[{"name":"wp","href":"https:\/\/api.w.org\/{rel}","templated":true}]}}