{"id":126203,"date":"2024-10-12T20:28:50","date_gmt":"2024-10-12T20:28:50","guid":{"rendered":"https:\/\/colimdo.org\/?p=126203"},"modified":"2024-10-12T20:28:57","modified_gmt":"2024-10-12T20:28:57","slug":"juan-vila-reynoso-reelecto-presidente-de-ittf-americas","status":"publish","type":"post","link":"https:\/\/colimdo.org\/noticias\/juan-vila-reynoso-reelecto-presidente-de-ittf-americas\/","title":{"rendered":"Juan Vila Reynoso, reelecto presidente de ITTF Am\u00e9ricas"},"content":{"rendered":"<p><strong>SAN SALVADOR, EL SALVADOR.<\/strong>&#8211; El dominicano Juan Vila fue reelecto como presidente de la Confederaci\u00f3n Panamericana de Tenis de Mesa (ITTF Am\u00e9ricas) en la asamblea eleccionaria celebrada este viernes en esta ciudad.<\/p>\n<p>Vila, que manifest\u00f3 que este ser\u00e1 su segundo y \u00faltimo per\u00edodo al frente de la ITTF Am\u00e9ricas, fue favorecido con 22 votos, mientras que el segundo candidato, el brasile\u00f1o Alaor Pinto Azevedo, recibi\u00f3 12 sufragios y hubo uno nulo.<\/p>\n<p>\u201cQuiero agradecer todo el apoyo que he recibido en el continente, es muy importante para nuestro equipo de trabajo su voto de fe para seguir trabajando en pro del tenis de mesa en el continente\u201d, dijo Juan Vila, luego de finalizado el proceso.<\/p>\n<p>En calidad de vicepresidente fue electo el chileno Henry Reimberg, quien aprovech\u00f3 para comprometer a las autoridades de las asociaciones miembro para continuar trabajando en conjunto. \u201cEste es el momento de unir a los pa\u00edses para lograr cosas grandes. El momento de Am\u00e9rica es ahora\u201d, se\u00f1al\u00f3.<\/p>\n<p>La asamblea se llev\u00f3 a cabo con la presencia de 35 pa\u00edses del continente Americano, donde tambi\u00e9n fueron presentados los Estados Financieros correspondientes al a\u00f1o 2023 y 2024 por parte del tesorero de la ITTF Am\u00e9ricas, Paul Calle.<\/p>\n<p>Adem\u00e1s se dieron a conocer las sedes de los eventos panamericanos para el a\u00f1o 2025, en donde Guatemala, Argentina, Estados Unidos y Venezuela ser\u00e1n protagonistas. ITTF Americas U11-U13 Pan American Championships: Guatemala &#8211; ITTF Americas U15-U19 Pan American Championships: Argentina -ITTF Americas Pan American Championships: USA -ITTF Americas Master Pan American Championships: Venezuela<\/p>\n","protected":false},"excerpt":{"rendered":"<p>SAN SALVADOR, EL SALVADOR.&#8211; El dominicano Juan Vila fue reelecto como presidente de la Confederaci\u00f3n Panamericana de Tenis de Mesa (ITTF Am\u00e9ricas) en la asamblea eleccionaria celebrada este viernes en esta ciudad. Vila, que manifest\u00f3 que este ser\u00e1 su segundo y \u00faltimo per\u00edodo al frente de la ITTF Am\u00e9ricas, fue favorecido con 22 votos, mientras [&hellip;]<\/p>\n","protected":false},"author":13,"featured_media":126204,"comment_status":"closed","ping_status":"closed","sticky":false,"template":"","format":"standard","meta":[],"categories":[5,2,60],"tags":[100645],"acf":[],"_links":{"self":[{"href":"https:\/\/colimdo.org\/wp-api\/wp\/v2\/posts\/126203"}],"collection":[{"href":"https:\/\/colimdo.org\/wp-api\/wp\/v2\/posts"}],"about":[{"href":"https:\/\/colimdo.org\/wp-api\/wp\/v2\/types\/post"}],"author":[{"embeddable":true,"href":"https:\/\/colimdo.org\/wp-api\/wp\/v2\/users\/13"}],"replies":[{"embeddable":true,"href":"https:\/\/colimdo.org\/wp-api\/wp\/v2\/comments?post=126203"}],"version-history":[{"count":1,"href":"https:\/\/colimdo.org\/wp-api\/wp\/v2\/posts\/126203\/revisions"}],"predecessor-version":[{"id":126205,"href":"https:\/\/colimdo.org\/wp-api\/wp\/v2\/posts\/126203\/revisions\/126205"}],"wp:featuredmedia":[{"embeddable":true,"href":"https:\/\/colimdo.org\/wp-api\/wp\/v2\/media\/126204"}],"wp:attachment":[{"href":"https:\/\/colimdo.org\/wp-api\/wp\/v2\/media?parent=126203"}],"wp:term":[{"taxonomy":"category","embeddable":true,"href":"https:\/\/colimdo.org\/wp-api\/wp\/v2\/categories?post=126203"},{"taxonomy":"post_tag","embeddable":true,"href":"https:\/\/colimdo.org\/wp-api\/wp\/v2\/tags?post=126203"}],"curies":[{"name":"wp","href":"https:\/\/api.w.org\/{rel}","templated":true}]}}