{"id":126247,"date":"2024-10-14T19:30:10","date_gmt":"2024-10-14T19:30:10","guid":{"rendered":"https:\/\/colimdo.org\/?p=126247"},"modified":"2024-10-14T19:30:10","modified_gmt":"2024-10-14T19:30:10","slug":"perez-cohn-aracena-y-polanco-oro-en-copa-internacional-judo-naco","status":"publish","type":"post","link":"https:\/\/colimdo.org\/noticias\/perez-cohn-aracena-y-polanco-oro-en-copa-internacional-judo-naco\/","title":{"rendered":"P\u00e9rez, Cohn, Aracena y Polanco, oro en Copa Internacional Judo Naco"},"content":{"rendered":"<p>SANTO DOMINGO. En el primer d\u00eda de competencia, los judocas del Club Deportivo Naco, en la categor\u00eda benjam\u00edn y Pre infantil B, se coronaron campeones al vencer sus rivales en la pelea final. Ellos fueron Armando P\u00e9rez, Lian Cohn, Maximiliano Aracena, Henry Polanco, Marcelo Hern\u00e1ndez y Wilfreini Santiago, este \u00faltimo de Bameso y Joscairy Morel, de SAN.<\/p>\n<p>Las competencias se celebraron durante los d\u00edas s\u00e1bado y domingo con rotundo \u00e9xito en el Pabell\u00f3n de Karate del Centro Ol\u00edmpico Juan Pablo Duarte.<\/p>\n<p><strong>Acto protocolar<\/strong><\/p>\n<p>Con rotundo \u00e9xito, se inici\u00f3 el 47 ava Copa Internacional Judo Naco con la participaci\u00f3n de m\u00e1s de 550 atletas de ocho pa\u00edses y m\u00e1s de 25 asociaciones provinciales y clubes invitados, evento que se lleva a cabo en el Pabell\u00f3n de Karate del Centro Ol\u00edmpico.<\/p>\n<p>El evento se inici\u00f3 con el desfile de los atletas participantes. La invocaci\u00f3n a Dios la hizo la ex selecci\u00f3n nacional de Judo, Leidi Germ\u00e1n. Hablaron el presidente de la Asociaci\u00f3n de Padres de Judo de Naco, el presidente de la Asociaci\u00f3n de Judo del Distrito Nacional y el presidente de la FEDOJUDO. Tambi\u00e9n se hizo el juramento de los atletas y de los jueces.<\/p>\n<p>Las palabras centrales las pronunci\u00f3 el presidente de la Junta Directiva del Club Naco, el inmortal del deporte, Mario Alvarez Soto, quien pidi\u00f3 a los j\u00f3venes a competir con gallard\u00eda y que el resultado jam\u00e1s empa\u00f1e la hermandad y confraternidad de todos los competidores.<\/p>\n<p>\u201cContinuaremos dando todo el apoyo al deporte del club Naco y felicit\u00f3 a la Asociaci\u00f3n de Padres del Judo por esta gran actividad\u201d, dijo.<\/p>\n<p>Se le entreg\u00f3 una placa de reconocimiento a la se\u00f1ora Thalia Golbert, a quien est\u00e1 dedicado la justa, madre de dos atletas del Judo Naco, quien agradeci\u00f3 el gesto. Se le entreg\u00f3 una placa que la entregaron el sensei Juan Chalas y Mario Alvarez Soto.\u00a0Se compite en las categor\u00edas pre-infantil B, infantiles A y B y Cadetes.<\/p>\n<p>Entre los patrocinadores de la justa se encuentran los Comedores Econ\u00f3micos, Banreservas, Hobby Graphics, Fortuna Constructora, Superintendencia de Valores, Otomi, Antova, Lesky Industrie, Simetrica Consulting, Edecon, Pizzeria el Cangrejo, Insercom, Excel Group, Iparra, Capital de Abogados y Consultores, Milena Tours, GS Despaho Legal, Carivisi\u00f3n, Poolstudio, Defensa Civil, FEDOJUDO, Grupo Rica, Asociaci\u00f3n de Judo del Distrito, Caraballo Sort Enterprise, C y J, ingenieros, JM Barrios Armenteros, Moiro, Automarina, Senasa, Plusval Dominicana, Grupo Servicios, Doctores Mallen Guerra, Todo Riesgo.<\/p>\n<p><strong>Los clubes y asociaciones\u00a0<\/strong><\/p>\n<p>Judo Naco, tambi\u00e9n accionan atletas de las Asociaciones provinciales de las provincias Duarte, San Crist\u00f3bal, Santo Domingo, Monte Plata, Monse\u00f1or Nouel, Santiago, La Romana, Bameso, Puerto Plata, Barahona y Juan de la Maguana.<\/p>\n<p>Tambi\u00e9n de Independencia, Casa Nacional, San Pedro de Macor\u00eds, UASD, Villa Francisca, Mar\u00eda Trinidad S\u00e1nchez, Tavarez Judo, Santo Domingo, La Altagracia, Kosen Dojo DNA y La Vega.<\/p>\n<p>Entre los patrocinadores de la justa se encuentran los Comedores Econ\u00f3micos, Banreservas, Hobby Graphics, Fortuna Constructora, Superintendencia de Valores, Otomi, Antova, Lesky Industrie, Simetrica Consulting, Edecon, Pizzeria el Cangrejo, Insercom, Excel Group, Iparra, Capital de Abogados y Consultores, Milena Tours, GS Despaho Legal, Carivisi\u00f3n, Poolstudio, Defensa Civil, FEDOJUDO, Grupo Rica, Asociaci\u00f3n de Judo del Distrito, Caraballo Sort Enterprise, C y J, ingenieros, JM Barrios Armenteros, Moiro, Automarina, Senasa, Plusval Dominicana, Grupo Servicios, Doctores Mallen Guerra, Todo Riesgo.<\/p>\n","protected":false},"excerpt":{"rendered":"<p>SANTO DOMINGO. En el primer d\u00eda de competencia, los judocas del Club Deportivo Naco, en la categor\u00eda benjam\u00edn y Pre infantil B, se coronaron campeones al vencer sus rivales en la pelea final. Ellos fueron Armando P\u00e9rez, Lian Cohn, Maximiliano Aracena, Henry Polanco, Marcelo Hern\u00e1ndez y Wilfreini Santiago, este \u00faltimo de Bameso y Joscairy Morel, [&hellip;]<\/p>\n","protected":false},"author":13,"featured_media":126248,"comment_status":"closed","ping_status":"closed","sticky":false,"template":"","format":"standard","meta":[],"categories":[83143,2,60],"tags":[100640],"acf":[],"_links":{"self":[{"href":"https:\/\/colimdo.org\/wp-api\/wp\/v2\/posts\/126247"}],"collection":[{"href":"https:\/\/colimdo.org\/wp-api\/wp\/v2\/posts"}],"about":[{"href":"https:\/\/colimdo.org\/wp-api\/wp\/v2\/types\/post"}],"author":[{"embeddable":true,"href":"https:\/\/colimdo.org\/wp-api\/wp\/v2\/users\/13"}],"replies":[{"embeddable":true,"href":"https:\/\/colimdo.org\/wp-api\/wp\/v2\/comments?post=126247"}],"version-history":[{"count":1,"href":"https:\/\/colimdo.org\/wp-api\/wp\/v2\/posts\/126247\/revisions"}],"predecessor-version":[{"id":126249,"href":"https:\/\/colimdo.org\/wp-api\/wp\/v2\/posts\/126247\/revisions\/126249"}],"wp:featuredmedia":[{"embeddable":true,"href":"https:\/\/colimdo.org\/wp-api\/wp\/v2\/media\/126248"}],"wp:attachment":[{"href":"https:\/\/colimdo.org\/wp-api\/wp\/v2\/media?parent=126247"}],"wp:term":[{"taxonomy":"category","embeddable":true,"href":"https:\/\/colimdo.org\/wp-api\/wp\/v2\/categories?post=126247"},{"taxonomy":"post_tag","embeddable":true,"href":"https:\/\/colimdo.org\/wp-api\/wp\/v2\/tags?post=126247"}],"curies":[{"name":"wp","href":"https:\/\/api.w.org\/{rel}","templated":true}]}}