{"id":126386,"date":"2024-10-21T02:59:48","date_gmt":"2024-10-21T02:59:48","guid":{"rendered":"https:\/\/colimdo.org\/?p=126386"},"modified":"2024-10-21T02:59:55","modified_gmt":"2024-10-21T02:59:55","slug":"comision-disena-reglamento-uso-provisional-estadio-olimpico","status":"publish","type":"post","link":"https:\/\/colimdo.org\/noticias\/comision-disena-reglamento-uso-provisional-estadio-olimpico\/","title":{"rendered":"Comisi\u00f3n dise\u00f1a reglamento uso provisional Estadio Ol\u00edmpico"},"content":{"rendered":"<p>SANTO DOMINGO. La comisi\u00f3n a cargo de la gesti\u00f3n del Estadio F\u00e9lix S\u00e1nchez anunci\u00f3 que impondr\u00e1 estrictos controles para su uso durante el periodo de apertura temporal antes de que se vuelva a disponer el cierre para el reinicio de los trabajos con miras a los XXV Juegos Centroamericanos y del Caribe Santo Domingo 2026.<\/p>\n<p>El Estadio fue abierto al p\u00fablico de manera temporal con el inicio del Mundial de Futbol Femenino Sub-17, que se celebra en el pa\u00eds, evento de gran proyecci\u00f3n global.<\/p>\n<p>Luego de terminado ese evento se permitir\u00e1n una cantidad limitada de actividades no deportivas como prueba de estr\u00e9s de la instalaci\u00f3n y la puesta en vigencia del reglamento de uso hasta tanto se disponga nuevamente su cierre en el primer trimestre del 2025, cuando se reanudar\u00e1n los trabajos de instalaci\u00f3n de la nueva pista de atletismo y el equipamiento.<\/p>\n<p>Seg\u00fan lo programado, durante la apertura temporal del F\u00e9lix S\u00e1nchez, se empezar\u00e1 a trabajar en la pista alterna, conocida como pista de calentamiento, ubicada en la parte lateral externa del estadio ol\u00edmpico para que sea utilizada en la preparaci\u00f3n de los atletas de las disciplinas de atletismo.<\/p>\n<p>Durante el periodo de apertura provisional al p\u00fablico el estadio estar\u00e1 regenteado por una comisi\u00f3n conformada por el Ministerio de Deportes, el Ministerio de Vivienda y Edificaciones y el Comit\u00e9 Organizador.<\/p>\n<p>Se est\u00e1 en proceso de aprobaci\u00f3n de un riguroso reglamento de uso del Estadio que se implementar\u00e1 durante esta fase como parte de las pruebas de estr\u00e9s de la instalaci\u00f3n y que sirvan para la preservaci\u00f3n de esta instalaci\u00f3n multiuso \u00fanica en el pa\u00eds.<\/p>\n<p>La comisi\u00f3n elabor\u00f3 el manual de uso del remozado Estadio Ol\u00edmpico F\u00e9lix S\u00e1nchez, el cual ser\u00e1 anunciado en los pr\u00f3ximos d\u00edas luego de su aprobaci\u00f3n definitiva.<\/p>\n<p>La sesi\u00f3n de trabajo en la que se elabor\u00f3 el reglamento fue encabezada por el ingeniero Carlos Bonilla, ministro de Vivienda y Edificaciones; el ministro de Deportes Kelvin Cruz y el presidente del Comit\u00e9 Organizador de los Juegos Santo Domingo 2026, Jos\u00e9 P. Monegro.<\/p>\n<p>Participaron adem\u00e1s, los miembros de la comisi\u00f3n: Rosivana Ruiz, por el MIVED, Kelvin Mendoza, por MIDEREC y C\u00e9sar Heredia, por el Comit\u00e9 Organizador.<\/p>\n<p>El pasado s\u00e1bado 5 del presente mes, el Ministerio de Vivienda y Edificaciones entreg\u00f3 la primera etapa de la remodelaci\u00f3n del Estadio Ol\u00edmpico F\u00e9lix S\u00e1nchez, el cual fue abierto al p\u00fablico provisionalmente\u00a0para la realizaci\u00f3n del Mundial de F\u00fatbol Femenino Sub-17, el pasado 16 de octubre.<\/p>\n<p>En\u00a0 la reuni\u00f3n, la comisi\u00f3n avanz\u00f3 en el dise\u00f1o del manual de uso del estadio, tocando diversos temas como el flujograma de administraci\u00f3n, as\u00ed como en la reglamentaci\u00f3n para el buen uso y mantenimiento del mismo.<\/p>\n<p>Entre los aspectos discutidos en la sesi\u00f3n de trabajo tambi\u00e9n figur\u00f3 la creaci\u00f3n de una serie de obligaciones contractuales a las que deber\u00e1n comprometerse los eventuales usuarios de la instalaci\u00f3n.<\/p>\n<p>Estos requisitos y normas rigurosas tienen como objetivo garantizar la preservaci\u00f3n y buen mantenimiento del estadio, el cual est\u00e1 llamado a ser uno de los legados que dejar\u00e1n al pa\u00eds los Juegos Santo Domingo 2026.<\/p>\n<p>La comisi\u00f3n ha contado con la asesor\u00eda t\u00e9cnica para lograr el mejor de los resultados, tal como sucede en otros pa\u00edses con instalaciones similares.<\/p>\n<p>Otro de los temas abordados por la comisi\u00f3n fue la elaboraci\u00f3n de un contrato que incluya la obligatoriedad de cumplir las reglas de uso y las garant\u00edas correspondientes para la preservaci\u00f3n de la instalaci\u00f3n.<\/p>\n","protected":false},"excerpt":{"rendered":"<p>SANTO DOMINGO. La comisi\u00f3n a cargo de la gesti\u00f3n del Estadio F\u00e9lix S\u00e1nchez anunci\u00f3 que impondr\u00e1 estrictos controles para su uso durante el periodo de apertura temporal antes de que se vuelva a disponer el cierre para el reinicio de los trabajos con miras a los XXV Juegos Centroamericanos y del Caribe Santo Domingo 2026. [&hellip;]<\/p>\n","protected":false},"author":13,"featured_media":126387,"comment_status":"closed","ping_status":"closed","sticky":false,"template":"","format":"standard","meta":[],"categories":[83143,2,60],"tags":[100653],"acf":[],"_links":{"self":[{"href":"https:\/\/colimdo.org\/wp-api\/wp\/v2\/posts\/126386"}],"collection":[{"href":"https:\/\/colimdo.org\/wp-api\/wp\/v2\/posts"}],"about":[{"href":"https:\/\/colimdo.org\/wp-api\/wp\/v2\/types\/post"}],"author":[{"embeddable":true,"href":"https:\/\/colimdo.org\/wp-api\/wp\/v2\/users\/13"}],"replies":[{"embeddable":true,"href":"https:\/\/colimdo.org\/wp-api\/wp\/v2\/comments?post=126386"}],"version-history":[{"count":1,"href":"https:\/\/colimdo.org\/wp-api\/wp\/v2\/posts\/126386\/revisions"}],"predecessor-version":[{"id":126388,"href":"https:\/\/colimdo.org\/wp-api\/wp\/v2\/posts\/126386\/revisions\/126388"}],"wp:featuredmedia":[{"embeddable":true,"href":"https:\/\/colimdo.org\/wp-api\/wp\/v2\/media\/126387"}],"wp:attachment":[{"href":"https:\/\/colimdo.org\/wp-api\/wp\/v2\/media?parent=126386"}],"wp:term":[{"taxonomy":"category","embeddable":true,"href":"https:\/\/colimdo.org\/wp-api\/wp\/v2\/categories?post=126386"},{"taxonomy":"post_tag","embeddable":true,"href":"https:\/\/colimdo.org\/wp-api\/wp\/v2\/tags?post=126386"}],"curies":[{"name":"wp","href":"https:\/\/api.w.org\/{rel}","templated":true}]}}