{"id":126465,"date":"2024-10-25T01:10:54","date_gmt":"2024-10-25T01:10:54","guid":{"rendered":"https:\/\/colimdo.org\/?p=126465"},"modified":"2024-10-25T01:11:02","modified_gmt":"2024-10-25T01:11:02","slug":"comite-organizador-impartira-primer-taller-de-capacitacion-deportiva","status":"publish","type":"post","link":"https:\/\/colimdo.org\/noticias\/comite-organizador-impartira-primer-taller-de-capacitacion-deportiva\/","title":{"rendered":"Comit\u00e9 Organizador impartir\u00e1 primer taller de capacitaci\u00f3n deportiva"},"content":{"rendered":"<p>SANTO DOMINGO.- El Comit\u00e9 Organizador de los XXV Juegos Centroamericanos y del Caribe Santo Domingo 2026 impartir\u00e1 desde este viernes 25 y hasta el d\u00eda 29 del presente mes el primer taller de capacitaci\u00f3n en gesti\u00f3n deportiva.<\/p>\n<p>El taller es el inicio del proceso de formaci\u00f3n del personal dominicano con miras a disponer de personal capacitado para la organizaci\u00f3n de los XXV Juegos Centroamericanos y del Caribe.<\/p>\n<p>El programa contar\u00e1 con cuatro temas, que ser\u00e1n impartidos en cinco d\u00edas. La primera fase ser\u00e1 de manera presencial, con la participaci\u00f3n de al menos 35 profesionales vinculados a la Orta deportiva.<\/p>\n<p>Las clases estar\u00e1n a cargo de los peruanos: Renato Ricci, quien forma parte del Instituto Johan Cruyff; Juan Domingo Barzola Vilchez, administrador de empresas especializado en gesti\u00f3n deportiva y el experto en proyectos y eventos deportivos, Oscar Tejada.<\/p>\n<p>El taller abarca aspectos claves para la formaci\u00f3n deportiva como la planificaci\u00f3n estrat\u00e9gica de eventos, la log\u00edstica operativa, la gesti\u00f3n financiera, y la preparaci\u00f3n para tiempos de juegos.<\/p>\n<p>Tambi\u00e9n se har\u00e1n visitas a las instalaciones de los Juegos con el fin de modernizar y aprovechar cada espacio para el montaje del evento.<\/p>\n<p>La actividad iniciar\u00e1 a las 3:00 de la tarde con la visita de los instructores a varias instalaciones deportivas.<\/p>\n<p>El domingo, a partir de las 9:00 de la ma\u00f1ana, ser\u00e1 la introducci\u00f3n y presentaci\u00f3n del taller te\u00f3ricos para continuar en varias jornadas de trabajo durante todo el d\u00eda.<\/p>\n<p>\u201cEstamos convencidos de que esta propuesta brindar\u00e1 un valor agregado significativo, asegurando que los Juegos Centroamericanos y del Caribe, Santo Domingo 2026 sean recordados no solo por su organizaci\u00f3n, sino tambi\u00e9n por su impacto positivo y legado en la comunidad deportiva de la regi\u00f3n\u201d, manifest\u00f3 Ricci sobre la importancia de este taller.<\/p>\n<p>En los XXV Juegos Centroamericanos y del Caribe se llevar\u00e1n a cabo desde el 24 julio hasta el 8 de agosto del 2026.<\/p>\n<p>En Santo Domingo 2026 se dar\u00e1n cita poco mas de 6,500 atletas en 35 deportes.<\/p>\n<p>&nbsp;<\/p>\n","protected":false},"excerpt":{"rendered":"<p>SANTO DOMINGO.- El Comit\u00e9 Organizador de los XXV Juegos Centroamericanos y del Caribe Santo Domingo 2026 impartir\u00e1 desde este viernes 25 y hasta el d\u00eda 29 del presente mes el primer taller de capacitaci\u00f3n en gesti\u00f3n deportiva. El taller es el inicio del proceso de formaci\u00f3n del personal dominicano con miras a disponer de personal [&hellip;]<\/p>\n","protected":false},"author":13,"featured_media":126466,"comment_status":"closed","ping_status":"closed","sticky":false,"template":"","format":"standard","meta":[],"categories":[83143,2,60],"tags":[90736],"acf":[],"_links":{"self":[{"href":"https:\/\/colimdo.org\/wp-api\/wp\/v2\/posts\/126465"}],"collection":[{"href":"https:\/\/colimdo.org\/wp-api\/wp\/v2\/posts"}],"about":[{"href":"https:\/\/colimdo.org\/wp-api\/wp\/v2\/types\/post"}],"author":[{"embeddable":true,"href":"https:\/\/colimdo.org\/wp-api\/wp\/v2\/users\/13"}],"replies":[{"embeddable":true,"href":"https:\/\/colimdo.org\/wp-api\/wp\/v2\/comments?post=126465"}],"version-history":[{"count":1,"href":"https:\/\/colimdo.org\/wp-api\/wp\/v2\/posts\/126465\/revisions"}],"predecessor-version":[{"id":126467,"href":"https:\/\/colimdo.org\/wp-api\/wp\/v2\/posts\/126465\/revisions\/126467"}],"wp:featuredmedia":[{"embeddable":true,"href":"https:\/\/colimdo.org\/wp-api\/wp\/v2\/media\/126466"}],"wp:attachment":[{"href":"https:\/\/colimdo.org\/wp-api\/wp\/v2\/media?parent=126465"}],"wp:term":[{"taxonomy":"category","embeddable":true,"href":"https:\/\/colimdo.org\/wp-api\/wp\/v2\/categories?post=126465"},{"taxonomy":"post_tag","embeddable":true,"href":"https:\/\/colimdo.org\/wp-api\/wp\/v2\/tags?post=126465"}],"curies":[{"name":"wp","href":"https:\/\/api.w.org\/{rel}","templated":true}]}}