{"id":126544,"date":"2024-10-29T20:04:29","date_gmt":"2024-10-29T20:04:29","guid":{"rendered":"https:\/\/colimdo.org\/?p=126544"},"modified":"2024-10-30T04:14:14","modified_gmt":"2024-10-30T04:14:14","slug":"clausuran-primera-version-taller-de-gestion-deportiva-santo-domingo-2026","status":"publish","type":"post","link":"https:\/\/colimdo.org\/noticias\/clausuran-primera-version-taller-de-gestion-deportiva-santo-domingo-2026\/","title":{"rendered":"Clausuran primera versi\u00f3n taller de gesti\u00f3n deportiva Santo Domingo 2026"},"content":{"rendered":"<p>SANTO DOMINGO.- Los Juegos Centroamericanos y del Caribe Santo Domingo 2026 marcar\u00e1n un avance significativo en la historia del deporte nacional.<\/p>\n<p>Para esa justa, el compromiso de los organizadores se extiende a dejar en buen estado las \u00e1reas de competencias, actualizar el sistema deportivo y adem\u00e1s capacitar a los t\u00e9cnicos y profesionales del movimiento ol\u00edmpico.<\/p>\n<p>En concordancia con ese objetivo, el Comit\u00e9 Organizador de la cita multideportiva, conjuntamente con el Comit\u00e9 Ol\u00edmpico Dominicano (COD), clausur\u00f3 con \u00e9xito el primer taller en gerencia deportiva, el cual se llev\u00f3 a cabo desde el pasado domingo hasta la ma\u00f1ana de este martes.<\/p>\n<p>El seminario cont\u00f3 con 20 horas intensivas de capacitaci\u00f3n deportiva, iniciando desde las 9 de la ma\u00f1ana hasta las 5 de la tarde.<\/p>\n<p>Fue impartido por los gestores Renato Ricci, Juan Domingo Barzola y Oscar Tejada, del instituto peruano Johan Cruyff.<\/p>\n<p>M\u00e1s de 50 profesionales aprovecharon la docencia, ofrecida en el sal\u00f3n Juan Ulises Garc\u00eda Saleta del Comit\u00e9 Ol\u00edmpico Dominicano.<\/p>\n<p>\u201cMi esperanza es que cuando terminemos los centroamericanos podamos ver un desfile de eventos mundialistas en cada una de las disciplinas. De esa forma aseguramos que el futuro de nuestros atletas est\u00e1 en buenas manos\u201d, explic\u00f3 Jos\u00e9 Monegro, presidente del Comit\u00e9 Organizador de Santo Domingo 2026.<\/p>\n<p>El reputado periodista asegur\u00f3 que este curso se replicar\u00e1 en los pr\u00f3ximos meses debido a la alta cantidad de t\u00e9cnicos que se quedaron sin cupo para tomar la docencia.<\/p>\n<p>\u201cAl inicio pens\u00e1bamos hacer este taller con 32 personas pero, lo elevamos a 52 por la demanda de profesionales con intenci\u00f3n a participar. Vamos a repetirlo ya que el compromiso no s\u00f3lo es con los juegos, es con el movimiento deportivo nacional\u201d, agreg\u00f3.<\/p>\n<p>Adem\u00e1s del taller, los gestores recorrieron las distintas \u00e1reas de competencia para valorar el estado y funcionalidad de las mismas.<\/p>\n<p>Renato Ricci, country manager del instituto peruano, asegur\u00f3 que en el pa\u00eds se pueden albergar distintos eventos multideportivos, si los dirigentes y el Estado propician un buen mantenimiento a las obras.<\/p>\n<p>\u201cEntiendo que le dejamos una buena ruta de cara a los Juegos. Fue una experiencia brillante, aqu\u00ed hay t\u00e9cnicos con bastante reconocimiento y s\u00f3lo queda ajustar algunas cosas para tener unos de los mejores Juegos Centroamericanos y del Caribe en la historia del ciclo ol\u00edmpico\u201d, declar\u00f3 Ricci, quien fue uno de los t\u00e9cnicos encargados de los Juegos Panamericanos de Lima 2019.<\/p>\n<p>Adem\u00e1s de Monegro, en el encuentro tambi\u00e9n tom\u00f3 la palabra el director administrativo de Santo Domingo 2026, Thomas Polanco.<\/p>\n<p>Al t\u00e9rmino del taller, los ejecutivos de los Juegos, y los gestores entregaron un diploma de certificaci\u00f3n a los t\u00e9cnicos y dirigentes que tomaron la docencia.<\/p>\n","protected":false},"excerpt":{"rendered":"<p>SANTO DOMINGO.- Los Juegos Centroamericanos y del Caribe Santo Domingo 2026 marcar\u00e1n un avance significativo en la historia del deporte nacional. Para esa justa, el compromiso de los organizadores se extiende a dejar en buen estado las \u00e1reas de competencias, actualizar el sistema deportivo y adem\u00e1s capacitar a los t\u00e9cnicos y profesionales del movimiento ol\u00edmpico. [&hellip;]<\/p>\n","protected":false},"author":13,"featured_media":126545,"comment_status":"closed","ping_status":"closed","sticky":false,"template":"","format":"standard","meta":[],"categories":[83143,2,60],"tags":[100654],"acf":[],"_links":{"self":[{"href":"https:\/\/colimdo.org\/wp-api\/wp\/v2\/posts\/126544"}],"collection":[{"href":"https:\/\/colimdo.org\/wp-api\/wp\/v2\/posts"}],"about":[{"href":"https:\/\/colimdo.org\/wp-api\/wp\/v2\/types\/post"}],"author":[{"embeddable":true,"href":"https:\/\/colimdo.org\/wp-api\/wp\/v2\/users\/13"}],"replies":[{"embeddable":true,"href":"https:\/\/colimdo.org\/wp-api\/wp\/v2\/comments?post=126544"}],"version-history":[{"count":2,"href":"https:\/\/colimdo.org\/wp-api\/wp\/v2\/posts\/126544\/revisions"}],"predecessor-version":[{"id":126562,"href":"https:\/\/colimdo.org\/wp-api\/wp\/v2\/posts\/126544\/revisions\/126562"}],"wp:featuredmedia":[{"embeddable":true,"href":"https:\/\/colimdo.org\/wp-api\/wp\/v2\/media\/126545"}],"wp:attachment":[{"href":"https:\/\/colimdo.org\/wp-api\/wp\/v2\/media?parent=126544"}],"wp:term":[{"taxonomy":"category","embeddable":true,"href":"https:\/\/colimdo.org\/wp-api\/wp\/v2\/categories?post=126544"},{"taxonomy":"post_tag","embeddable":true,"href":"https:\/\/colimdo.org\/wp-api\/wp\/v2\/tags?post=126544"}],"curies":[{"name":"wp","href":"https:\/\/api.w.org\/{rel}","templated":true}]}}