{"id":126727,"date":"2024-11-07T20:46:21","date_gmt":"2024-11-07T20:46:21","guid":{"rendered":"https:\/\/colimdo.org\/?p=126727"},"modified":"2024-11-07T20:46:21","modified_gmt":"2024-11-07T20:46:21","slug":"gestores-deportivos-opinan-santo-domingo-es-ideal-jjcc-2026","status":"publish","type":"post","link":"https:\/\/colimdo.org\/noticias\/gestores-deportivos-opinan-santo-domingo-es-ideal-jjcc-2026\/","title":{"rendered":"Gestores deportivos opinan Santo Domingo\u00a0es ideal JJCC 2026"},"content":{"rendered":"<p>SANTO DOMINGO.- La Rep\u00fablica Dominicana ha albergado tres eventos multidisciplinarios en su historia deportiva.<\/p>\n<p>Todo inici\u00f3 en el 1974, cuando se celebraron por primera vez unos Juegos Centroamericanos y del Caribe en Santo Domingo. Doce a\u00f1os despu\u00e9s, en el 1986, en Santiago se alberg\u00f3 la justa XV de ese de evento. La \u00faltima versi\u00f3n de un certamen de tal magnitud fue en el 2003 para los Juegos Panamericanos.<\/p>\n<p>Sin embargo, las instalaciones que se utilizaron para esos tres torneos \u201csiguen siendo id\u00f3neas\u201d para celebrar los XXV Juegos Centroamericanos y del Caribe del 2026.<\/p>\n<p>Luego de un extenso recorrido por las \u00e1reas de competencia, los gestores Renato Ricci, Juan Domingo Barzola y Oscar Tejada, aseguraron que en Santo Domingo hay suficientes condiciones para efectuar con \u00e9xito la vig\u00e9sima quinta versi\u00f3n de los Juegos Centroamericanos.<\/p>\n<p>\u201cPor la experiencia que tuvimos en Lima 2019 te puedo certificar que la Rep\u00fablica Dominicana es id\u00f3nea para montar eventos de este tipo. Son una potencia en crecimiento en el Caribe y creo que desde el Gobierno deber\u00edan de sacarle provecho a esta infraestructura\u201d, sostuvo Ricci, quien el country manager del instituto peruano Johan Cruyff.<\/p>\n<p>Ese tr\u00edo de gestores estuvo a cargo de impartir el primer taller de gesti\u00f3n deportiva para los t\u00e9cnicos dominicanos. Se llev\u00f3 a cabo en el sal\u00f3n de actos del Comit\u00e9 Ol\u00edmpico Dominicano a final del mes pasado, y participaron poco m\u00e1s de 50 profesionales del deporte.<\/p>\n<p>Los docentes recorrieron las \u00e1reas de competencia del Centro Ol\u00edmpico Dominicano y las del Parque Nacional del Este. Visualizaron el Centro Ecuestre Palmarejo y el Pol\u00edgono Nacional de Tiro.<\/p>\n<p>De los \u00faltimos dos, dieron buena referencia y la catalogaron como \u201clistas para albergar torneos mundialistas\u201d. Tambi\u00e9n valoraron de forma positiva las canchas de tenis de campo.<\/p>\n<p>\u201cPartiendo de que estamos a dos a\u00f1os de esa justa, todas las instalaciones que pudimos ver est\u00e1n en un gran estado, especialmente ecuestre, tiro y tenis. Lo ideal es que se mantengan de esa forma para cuando se celebren los Juegos en el 2026\u201d, sostuvo Domingo Barzola, quien fue parte del equipo t\u00e9cnico para los Panamericanos de Lima en el 2019.<\/p>\n<p>Barzola aprovech\u00f3 la ocasi\u00f3n para felicitar al Comit\u00e9 Organizador del evento multideportivo por facilitar este taller a los t\u00e9cnicos locales.<\/p>\n<p>Jos\u00e9 P. Monegro, titular de los encargados de organizar Santo Domingo 2026, asegur\u00f3 que este seminario ser\u00e1 impartido nuevamente en una fecha por anunciar.<\/p>\n<p>Los Juegos Centroamericanos y del Caribe ser\u00e1n desde el 24 de julio hasta el 8 de agosto del 2026.<\/p>\n<p>&nbsp;<\/p>\n<p>&nbsp;<\/p>\n<p>Renato Ricci expone durante el curso taller sobre gesti\u00f3n deportiva organizado por el Comit\u00e9 Organizador de los XXV Juegos Centroamericanos y del Caribe Santo Domingo 2026. En la mesa, los gestores Juan Domingo Barzola y Oscar Tejada.<\/p>\n<p>&nbsp;<\/p>\n","protected":false},"excerpt":{"rendered":"<p>SANTO DOMINGO.- La Rep\u00fablica Dominicana ha albergado tres eventos multidisciplinarios en su historia deportiva. Todo inici\u00f3 en el 1974, cuando se celebraron por primera vez unos Juegos Centroamericanos y del Caribe en Santo Domingo. Doce a\u00f1os despu\u00e9s, en el 1986, en Santiago se alberg\u00f3 la justa XV de ese de evento. La \u00faltima versi\u00f3n de [&hellip;]<\/p>\n","protected":false},"author":13,"featured_media":126728,"comment_status":"closed","ping_status":"closed","sticky":false,"template":"","format":"standard","meta":[],"categories":[83143,2,60],"tags":[90736],"acf":[],"_links":{"self":[{"href":"https:\/\/colimdo.org\/wp-api\/wp\/v2\/posts\/126727"}],"collection":[{"href":"https:\/\/colimdo.org\/wp-api\/wp\/v2\/posts"}],"about":[{"href":"https:\/\/colimdo.org\/wp-api\/wp\/v2\/types\/post"}],"author":[{"embeddable":true,"href":"https:\/\/colimdo.org\/wp-api\/wp\/v2\/users\/13"}],"replies":[{"embeddable":true,"href":"https:\/\/colimdo.org\/wp-api\/wp\/v2\/comments?post=126727"}],"version-history":[{"count":1,"href":"https:\/\/colimdo.org\/wp-api\/wp\/v2\/posts\/126727\/revisions"}],"predecessor-version":[{"id":126729,"href":"https:\/\/colimdo.org\/wp-api\/wp\/v2\/posts\/126727\/revisions\/126729"}],"wp:featuredmedia":[{"embeddable":true,"href":"https:\/\/colimdo.org\/wp-api\/wp\/v2\/media\/126728"}],"wp:attachment":[{"href":"https:\/\/colimdo.org\/wp-api\/wp\/v2\/media?parent=126727"}],"wp:term":[{"taxonomy":"category","embeddable":true,"href":"https:\/\/colimdo.org\/wp-api\/wp\/v2\/categories?post=126727"},{"taxonomy":"post_tag","embeddable":true,"href":"https:\/\/colimdo.org\/wp-api\/wp\/v2\/tags?post=126727"}],"curies":[{"name":"wp","href":"https:\/\/api.w.org\/{rel}","templated":true}]}}